{"id":1774,"date":"2023-09-08T12:18:09","date_gmt":"2023-09-08T12:18:09","guid":{"rendered":"https:\/\/consideratepouchers.org\/?p=1774"},"modified":"2023-09-08T12:18:11","modified_gmt":"2023-09-08T12:18:11","slug":"smoke-free-europe-sweden-trims-snus-tax-by-20","status":"publish","type":"post","link":"https:\/\/consideratepouchers.org\/cs\/evropa-bez-koure-svedsko-snizuje-dan-ze-snusu-o-20\/","title":{"rendered":"Evropa bez kou\u0159e: \u0160v\u00e9dsko do roku 20% sni\u017euje da\u0148 ze snusu"},"content":{"rendered":"<h2 class=\"wp-block-heading\">\u0160v\u00e9dsko do roku 20% sni\u017euje da\u0148 na snus a urychluje pokrok sm\u011brem k prvn\u00ed zemi bez kou\u0159en\u00ed v Evrop\u011b<\/h2>\n\n\n\n<p>\u0160v\u00e9dsko u\u010dinilo pr\u016flomov\u00fd krok k dal\u0161\u00edmu sn\u00ed\u017een\u00ed m\u00edry kou\u0159en\u00ed a podpo\u0159e sni\u017eov\u00e1n\u00ed \u0161kod. <a href=\"https:\/\/www.regeringen.se\/pressmeddelanden\/2023\/09\/sankt-skatt-pa-snus\/\"><strong>Dne 7. z\u00e1\u0159\u00ed 2023 \u0161v\u00e9dsk\u00e1 vl\u00e1da ozn\u00e1mila sv\u00e9 pl\u00e1ny na sn\u00ed\u017een\u00ed dan\u011b na snus, bezd\u00fdmn\u00fd tab\u00e1kov\u00fd v\u00fdrobek, do roku 20%.<\/strong><\/a> Toto strategick\u00e9 rozhodnut\u00ed p\u0159ich\u00e1z\u00ed soub\u011b\u017en\u011b se zv\u00fd\u0161en\u00edm dan\u00ed z cigaret a tab\u00e1ku o rok 9%. Zat\u00edmco zbytek Evropsk\u00e9 unie sleduje, pr\u016fkopnick\u00e9 kroky \u0160v\u00e9dska nad\u00e1le nastavuj\u00ed p\u0159\u00edkladn\u00fd standard pro \u00fasil\u00ed o sni\u017eov\u00e1n\u00ed \u0161kod na cel\u00e9m kontinentu.<\/p>\n\n\n\n<p>\u0160v\u00e9dsko je ji\u017e dlouho v pop\u0159ed\u00ed progresivn\u00ed zdravotn\u00ed politiky, zejm\u00e9na v oblasti kou\u0159en\u00ed. S ambici\u00f3zn\u00edm c\u00edlem dos\u00e1hnout m\u00edry kou\u0159en\u00ed pod 5% zem\u011b d\u016fsledn\u011b prokazuje sv\u016fj z\u00e1vazek k ve\u0159ejn\u00e9mu zdrav\u00ed. Tato nejnov\u011bj\u0161\u00ed iniciativa posiluje pov\u011bst \u0160v\u00e9dska jako\u017eto l\u00eddra v oblasti sni\u017eov\u00e1n\u00ed \u0161kod.<\/p>\n\n\n\n<p>Nov\u00e1 da\u0148ov\u00e1 politika demonstruje odhodl\u00e1n\u00ed \u0160v\u00e9dska urychlit cestu k budoucnosti bez kou\u0159en\u00ed. M\u011bli bychom zd\u016fraznit, \u017ee \u0160v\u00e9dsko se nejen zasazuje o sni\u017eov\u00e1n\u00ed \u0161kod. Je\u0161t\u011b p\u016fsobiv\u011bj\u0161\u00ed je, \u017ee aktivn\u011b zav\u00e1d\u00ed politiky sni\u017eov\u00e1n\u00ed \u0161kod t\u00edm, \u017ee prost\u0159ednictv\u00edm da\u0148ov\u00fdch \u00falev zp\u0159\u00edstup\u0148uje m\u00e9n\u011b \u0161kodliv\u00e9 alternativy, jako je snus.<\/p>\n\n\n\n<p>Sn\u00ed\u017een\u00ed zdan\u011bn\u00ed snusu je v\u00fdznamn\u00fdm krokem v oblasti politik sni\u017eov\u00e1n\u00ed \u0161kod. Snus je bezd\u00fdmn\u00fd tab\u00e1kov\u00fd v\u00fdrobek, kter\u00fd je m\u00e9n\u011b \u0161kodliv\u00fd ne\u017e tradi\u010dn\u00ed cigarety. Sn\u00ed\u017een\u00edm dan\u011b ze snusu se \u0160v\u00e9dsko sna\u017e\u00ed povzbudit ku\u0159\u00e1ky k p\u0159echodu na tuto alternativu, a v kone\u010dn\u00e9m d\u016fsledku tak sn\u00ed\u017eit celkov\u00e9 \u0161kody spojen\u00e9 s u\u017e\u00edv\u00e1n\u00edm tab\u00e1ku.<\/p>\n\n\n\n<p>Nejnov\u011bj\u0161\u00ed politick\u00e9 rozhodnut\u00ed \u0160v\u00e9dska posiluje jeho vedouc\u00ed postaven\u00ed v oblasti sni\u017eov\u00e1n\u00ed \u0161kod a ve\u0159ejn\u00e9ho zdrav\u00ed. Stanovuje inspirativn\u00ed p\u0159\u00edklad pro ostatn\u00ed \u010dlensk\u00e9 st\u00e1ty EU. P\u0159echod na zdan\u011bn\u00ed a regulaci zalo\u017eenou na riziku, jak\u00fd prok\u00e1zalo \u0160v\u00e9dsko, m\u016f\u017ee b\u00fdt katalyz\u00e1torem pro povzbuzen\u00ed ku\u0159\u00e1k\u016f k p\u0159echodu na m\u00e9n\u011b \u0161kodliv\u00e9 produkty, jako jsou vaping a nikotinov\u00e9 s\u00e1\u010dky.<\/p>\n\n\n\n<p>Nal\u00e9hav\u011b \u017e\u00e1d\u00e1me Evropskou unii, aby se inspirovala \u0161v\u00e9dsk\u00fdm p\u0159\u00edkladem. D\u016fle\u017eitost pochopen\u00ed zaveden\u00ed zdan\u011bn\u00ed a regulace na z\u00e1klad\u011b rizika pro m\u00e9n\u011b \u0161kodliv\u00e9 produkty, v\u010detn\u011b vapingu a nikotinov\u00fdch s\u00e1\u010dk\u016f, je nesm\u00edrn\u011b d\u016fle\u017eit\u00e1. Jak v\u00edte, prosazujeme legalizaci snusu v EU, co\u017e by mohlo m\u00edt z\u00e1sadn\u00ed dopad na politiku ve\u0159ejn\u00e9ho zdrav\u00ed v cel\u00e9m regionu. <a href=\"https:\/\/www.svt.se\/nyheter\/inrikes\/skatten-pa-snus-sanks-nasta-ar\">V\u011b\u0159\u00edme, \u017ee \u0161v\u00e9dsk\u00e9 rozhodnut\u00ed sn\u00ed\u017eit da\u0148 na snus do roku 20% a zv\u00fd\u0161it dan\u011b na cigarety a tab\u00e1k ke kou\u0159en\u00ed do roku 9%<\/a> p\u0159edstavuje v\u00fdznamn\u00fd krok sm\u011brem k budoucnosti bez kou\u0159e. V dob\u011b, kdy EU pokra\u010duje ve sv\u00e9m \u00fasil\u00ed o sn\u00ed\u017een\u00ed m\u00edry kou\u0159en\u00ed a zlep\u0161en\u00ed ve\u0159ejn\u00e9ho zdrav\u00ed, slou\u017e\u00ed inovativn\u00ed p\u0159\u00edstup \u0160v\u00e9dska jako inspirace a ukazuje, \u017ee zdan\u011bn\u00ed a regulace zalo\u017een\u00e9 na riziku mohou t\u011bchto d\u016fle\u017eit\u00fdch c\u00edl\u016f \u00fa\u010dinn\u011b dos\u00e1hnout. Nastal \u010das, aby EU n\u00e1sledovala \u0161v\u00e9dsk\u00fd p\u0159\u00edklad a up\u0159ednostnila blaho sv\u00fdch ob\u010dan\u016f p\u0159ijet\u00edm t\u011bchto progresivn\u00edch politik.<\/p>","protected":false},"excerpt":{"rendered":"<p>\u0160v\u00e9dsko sni\u017euje da\u0148 na snus do roku 20% a urychluje pokrok sm\u011brem k prvn\u00ed zemi bez kou\u0159en\u00ed v Evrop\u011b \u0160v\u00e9dsko u\u010dinilo pr\u016flomov\u00fd krok k dal\u0161\u00edmu sn\u00ed\u017een\u00ed m\u00edry kou\u0159en\u00ed a podpo\u0159e sni\u017eov\u00e1n\u00ed \u0161kod. Dne 7. z\u00e1\u0159\u00ed 2023 \u0161v\u00e9dsk\u00e1 vl\u00e1da ozn\u00e1mila sv\u00e9 pl\u00e1ny na sn\u00ed\u017een\u00ed dan\u011b na snus, bezd\u00fdmn\u00fd tab\u00e1kov\u00fd v\u00fdrobek, do roku 20%. Toto [\u2026]<\/p>","protected":false},"author":11,"featured_media":1775,"comment_status":"closed","ping_status":"open","sticky":false,"template":"","format":"standard","meta":{"footnotes":""},"categories":[9],"tags":[],"class_list":["post-1774","post","type-post","status-publish","format-standard","has-post-thumbnail","hentry","category-blog"],"yoast_head":"<!-- This site is optimized with the Yoast SEO plugin v25.0 - https:\/\/yoast.com\/wordpress\/plugins\/seo\/ -->\n<title>Smoke-Free Europe: Sweden Trims Snus Tax by 20% - Considerate Pouchers<\/title>\n<meta name=\"robots\" content=\"index, follow, max-snippet:-1, max-image-preview:large, max-video-preview:-1\" \/>\n<link rel=\"canonical\" href=\"https:\/\/consideratepouchers.org\/cs\/evropa-bez-koure-svedsko-snizuje-dan-ze-snusu-o-20\/\" \/>\n<meta property=\"og:locale\" content=\"cs_CZ\" \/>\n<meta property=\"og:type\" content=\"article\" \/>\n<meta property=\"og:title\" content=\"Smoke-Free Europe: Sweden Trims Snus Tax by 20% - Considerate Pouchers\" \/>\n<meta property=\"og:description\" content=\"Sweden Reduces Tax on Snus by 20% and Accelerates Progress Towards the First Smoke-Free Country in Europe Sweden has made a groundbreaking move to reduce smoking rates further and promote harm reduction. On September 7, 2023, the Swedish government revealed its plans to decrease the tax on snus, a smokeless tobacco product, by 20%. This [&hellip;]\" \/>\n<meta property=\"og:url\" content=\"https:\/\/consideratepouchers.org\/cs\/evropa-bez-koure-svedsko-snizuje-dan-ze-snusu-o-20\/\" \/>\n<meta property=\"og:site_name\" content=\"Considerate Pouchers\" \/>\n<meta property=\"article:publisher\" content=\"https:\/\/www.facebook.com\/cpouchers\" \/>\n<meta property=\"article:published_time\" content=\"2023-09-08T12:18:09+00:00\" \/>\n<meta property=\"article:modified_time\" content=\"2023-09-08T12:18:11+00:00\" \/>\n<meta property=\"og:image\" content=\"https:\/\/consideratepouchers.org\/wp-content\/uploads\/2023\/09\/Sweden_Tax_Cut_CP_Featured_Blog.png\" \/>\n\t<meta property=\"og:image:width\" content=\"940\" \/>\n\t<meta property=\"og:image:height\" content=\"788\" \/>\n\t<meta property=\"og:image:type\" content=\"image\/png\" \/>\n<meta name=\"author\" content=\"Considerate Pouchers\" \/>\n<meta name=\"twitter:card\" content=\"summary_large_image\" \/>\n<meta name=\"twitter:creator\" content=\"@CPouchers\" \/>\n<meta name=\"twitter:site\" content=\"@CPouchers\" \/>\n<meta name=\"twitter:label1\" content=\"Written by\" \/>\n\t<meta name=\"twitter:data1\" content=\"Considerate Pouchers\" \/>\n\t<meta name=\"twitter:label2\" content=\"Est. reading time\" \/>\n\t<meta name=\"twitter:data2\" content=\"2 minuty\" \/>\n<script type=\"application\/ld+json\" class=\"yoast-schema-graph\">{\"@context\":\"https:\/\/schema.org\",\"@graph\":[{\"@type\":\"Article\",\"@id\":\"https:\/\/consideratepouchers.org\/uk\/smoke-free-europe-sweden-trims-snus-tax-by-20\/#article\",\"isPartOf\":{\"@id\":\"https:\/\/consideratepouchers.org\/uk\/smoke-free-europe-sweden-trims-snus-tax-by-20\/\"},\"author\":{\"name\":\"Considerate Pouchers\",\"@id\":\"https:\/\/consideratepouchers.org\/#\/schema\/person\/37761c96f91c510a2ff593c27738adc7\"},\"headline\":\"Smoke-Free Europe: Sweden Trims Snus Tax by 20%\",\"datePublished\":\"2023-09-08T12:18:09+00:00\",\"dateModified\":\"2023-09-08T12:18:11+00:00\",\"mainEntityOfPage\":{\"@id\":\"https:\/\/consideratepouchers.org\/uk\/smoke-free-europe-sweden-trims-snus-tax-by-20\/\"},\"wordCount\":450,\"publisher\":{\"@id\":\"https:\/\/consideratepouchers.org\/#organization\"},\"image\":{\"@id\":\"https:\/\/consideratepouchers.org\/uk\/smoke-free-europe-sweden-trims-snus-tax-by-20\/#primaryimage\"},\"thumbnailUrl\":\"https:\/\/consideratepouchers.org\/wp-content\/uploads\/2023\/09\/Sweden_Tax_Cut_CP_Featured_Blog.png\",\"articleSection\":[\"Blog\"],\"inLanguage\":\"cs\"},{\"@type\":\"WebPage\",\"@id\":\"https:\/\/consideratepouchers.org\/uk\/smoke-free-europe-sweden-trims-snus-tax-by-20\/\",\"url\":\"https:\/\/consideratepouchers.org\/uk\/smoke-free-europe-sweden-trims-snus-tax-by-20\/\",\"name\":\"Smoke-Free Europe: Sweden Trims Snus Tax by 20% - Considerate Pouchers\",\"isPartOf\":{\"@id\":\"https:\/\/consideratepouchers.org\/#website\"},\"primaryImageOfPage\":{\"@id\":\"https:\/\/consideratepouchers.org\/uk\/smoke-free-europe-sweden-trims-snus-tax-by-20\/#primaryimage\"},\"image\":{\"@id\":\"https:\/\/consideratepouchers.org\/uk\/smoke-free-europe-sweden-trims-snus-tax-by-20\/#primaryimage\"},\"thumbnailUrl\":\"https:\/\/consideratepouchers.org\/wp-content\/uploads\/2023\/09\/Sweden_Tax_Cut_CP_Featured_Blog.png\",\"datePublished\":\"2023-09-08T12:18:09+00:00\",\"dateModified\":\"2023-09-08T12:18:11+00:00\",\"breadcrumb\":{\"@id\":\"https:\/\/consideratepouchers.org\/uk\/smoke-free-europe-sweden-trims-snus-tax-by-20\/#breadcrumb\"},\"inLanguage\":\"cs\",\"potentialAction\":[{\"@type\":\"ReadAction\",\"target\":[\"https:\/\/consideratepouchers.org\/uk\/smoke-free-europe-sweden-trims-snus-tax-by-20\/\"]}]},{\"@type\":\"ImageObject\",\"inLanguage\":\"cs\",\"@id\":\"https:\/\/consideratepouchers.org\/uk\/smoke-free-europe-sweden-trims-snus-tax-by-20\/#primaryimage\",\"url\":\"https:\/\/consideratepouchers.org\/wp-content\/uploads\/2023\/09\/Sweden_Tax_Cut_CP_Featured_Blog.png\",\"contentUrl\":\"https:\/\/consideratepouchers.org\/wp-content\/uploads\/2023\/09\/Sweden_Tax_Cut_CP_Featured_Blog.png\",\"width\":940,\"height\":788},{\"@type\":\"BreadcrumbList\",\"@id\":\"https:\/\/consideratepouchers.org\/uk\/smoke-free-europe-sweden-trims-snus-tax-by-20\/#breadcrumb\",\"itemListElement\":[{\"@type\":\"ListItem\",\"position\":1,\"name\":\"Home\",\"item\":\"https:\/\/consideratepouchers.org\/\"},{\"@type\":\"ListItem\",\"position\":2,\"name\":\"Smoke-Free Europe: Sweden Trims Snus Tax by 20%\"}]},{\"@type\":\"WebSite\",\"@id\":\"https:\/\/consideratepouchers.org\/#website\",\"url\":\"https:\/\/consideratepouchers.org\/\",\"name\":\"Considerate Pouchers\",\"description\":\"Improving Health &amp; Combatting Misinformation\",\"publisher\":{\"@id\":\"https:\/\/consideratepouchers.org\/#organization\"},\"potentialAction\":[{\"@type\":\"SearchAction\",\"target\":{\"@type\":\"EntryPoint\",\"urlTemplate\":\"https:\/\/consideratepouchers.org\/?s={search_term_string}\"},\"query-input\":{\"@type\":\"PropertyValueSpecification\",\"valueRequired\":true,\"valueName\":\"search_term_string\"}}],\"inLanguage\":\"cs\"},{\"@type\":\"Organization\",\"@id\":\"https:\/\/consideratepouchers.org\/#organization\",\"name\":\"Considerate Pouchers\",\"url\":\"https:\/\/consideratepouchers.org\/\",\"logo\":{\"@type\":\"ImageObject\",\"inLanguage\":\"cs\",\"@id\":\"https:\/\/consideratepouchers.org\/#\/schema\/logo\/image\/\",\"url\":\"https:\/\/consideratepouchers.com\/wp-content\/uploads\/2021\/07\/Considerate-Pouchers-lOGO.png\",\"contentUrl\":\"https:\/\/consideratepouchers.com\/wp-content\/uploads\/2021\/07\/Considerate-Pouchers-lOGO.png\",\"width\":504,\"height\":504,\"caption\":\"Considerate Pouchers\"},\"image\":{\"@id\":\"https:\/\/consideratepouchers.org\/#\/schema\/logo\/image\/\"},\"sameAs\":[\"https:\/\/www.facebook.com\/cpouchers\",\"https:\/\/x.com\/CPouchers\",\"https:\/\/www.instagram.com\/cpouchers\"]},{\"@type\":\"Person\",\"@id\":\"https:\/\/consideratepouchers.org\/#\/schema\/person\/37761c96f91c510a2ff593c27738adc7\",\"name\":\"Considerate Pouchers\",\"url\":\"https:\/\/consideratepouchers.org\/cs\/author\/consideratepouchers\/\"}]}<\/script>\n<!-- \/ Yoast SEO plugin. -->","yoast_head_json":{"title":"Smoke-Free Europe: Sweden Trims Snus Tax by 20% - Considerate Pouchers","robots":{"index":"index","follow":"follow","max-snippet":"max-snippet:-1","max-image-preview":"max-image-preview:large","max-video-preview":"max-video-preview:-1"},"canonical":"https:\/\/consideratepouchers.org\/cs\/evropa-bez-koure-svedsko-snizuje-dan-ze-snusu-o-20\/","og_locale":"cs_CZ","og_type":"article","og_title":"Smoke-Free Europe: Sweden Trims Snus Tax by 20% - Considerate Pouchers","og_description":"Sweden Reduces Tax on Snus by 20% and Accelerates Progress Towards the First Smoke-Free Country in Europe Sweden has made a groundbreaking move to reduce smoking rates further and promote harm reduction. On September 7, 2023, the Swedish government revealed its plans to decrease the tax on snus, a smokeless tobacco product, by 20%. This [&hellip;]","og_url":"https:\/\/consideratepouchers.org\/cs\/evropa-bez-koure-svedsko-snizuje-dan-ze-snusu-o-20\/","og_site_name":"Considerate Pouchers","article_publisher":"https:\/\/www.facebook.com\/cpouchers","article_published_time":"2023-09-08T12:18:09+00:00","article_modified_time":"2023-09-08T12:18:11+00:00","og_image":[{"width":940,"height":788,"url":"https:\/\/consideratepouchers.org\/wp-content\/uploads\/2023\/09\/Sweden_Tax_Cut_CP_Featured_Blog.png","type":"image\/png"}],"author":"Considerate Pouchers","twitter_card":"summary_large_image","twitter_creator":"@CPouchers","twitter_site":"@CPouchers","twitter_misc":{"Written by":"Considerate Pouchers","Est. reading time":"2 minuty"},"schema":{"@context":"https:\/\/schema.org","@graph":[{"@type":"Article","@id":"https:\/\/consideratepouchers.org\/uk\/smoke-free-europe-sweden-trims-snus-tax-by-20\/#article","isPartOf":{"@id":"https:\/\/consideratepouchers.org\/uk\/smoke-free-europe-sweden-trims-snus-tax-by-20\/"},"author":{"name":"Considerate Pouchers","@id":"https:\/\/consideratepouchers.org\/#\/schema\/person\/37761c96f91c510a2ff593c27738adc7"},"headline":"Smoke-Free Europe: Sweden Trims Snus Tax by 20%","datePublished":"2023-09-08T12:18:09+00:00","dateModified":"2023-09-08T12:18:11+00:00","mainEntityOfPage":{"@id":"https:\/\/consideratepouchers.org\/uk\/smoke-free-europe-sweden-trims-snus-tax-by-20\/"},"wordCount":450,"publisher":{"@id":"https:\/\/consideratepouchers.org\/#organization"},"image":{"@id":"https:\/\/consideratepouchers.org\/uk\/smoke-free-europe-sweden-trims-snus-tax-by-20\/#primaryimage"},"thumbnailUrl":"https:\/\/consideratepouchers.org\/wp-content\/uploads\/2023\/09\/Sweden_Tax_Cut_CP_Featured_Blog.png","articleSection":["Blog"],"inLanguage":"cs"},{"@type":"WebPage","@id":"https:\/\/consideratepouchers.org\/uk\/smoke-free-europe-sweden-trims-snus-tax-by-20\/","url":"https:\/\/consideratepouchers.org\/uk\/smoke-free-europe-sweden-trims-snus-tax-by-20\/","name":"Smoke-Free Europe: Sweden Trims Snus Tax by 20% - Considerate Pouchers","isPartOf":{"@id":"https:\/\/consideratepouchers.org\/#website"},"primaryImageOfPage":{"@id":"https:\/\/consideratepouchers.org\/uk\/smoke-free-europe-sweden-trims-snus-tax-by-20\/#primaryimage"},"image":{"@id":"https:\/\/consideratepouchers.org\/uk\/smoke-free-europe-sweden-trims-snus-tax-by-20\/#primaryimage"},"thumbnailUrl":"https:\/\/consideratepouchers.org\/wp-content\/uploads\/2023\/09\/Sweden_Tax_Cut_CP_Featured_Blog.png","datePublished":"2023-09-08T12:18:09+00:00","dateModified":"2023-09-08T12:18:11+00:00","breadcrumb":{"@id":"https:\/\/consideratepouchers.org\/uk\/smoke-free-europe-sweden-trims-snus-tax-by-20\/#breadcrumb"},"inLanguage":"cs","potentialAction":[{"@type":"ReadAction","target":["https:\/\/consideratepouchers.org\/uk\/smoke-free-europe-sweden-trims-snus-tax-by-20\/"]}]},{"@type":"ImageObject","inLanguage":"cs","@id":"https:\/\/consideratepouchers.org\/uk\/smoke-free-europe-sweden-trims-snus-tax-by-20\/#primaryimage","url":"https:\/\/consideratepouchers.org\/wp-content\/uploads\/2023\/09\/Sweden_Tax_Cut_CP_Featured_Blog.png","contentUrl":"https:\/\/consideratepouchers.org\/wp-content\/uploads\/2023\/09\/Sweden_Tax_Cut_CP_Featured_Blog.png","width":940,"height":788},{"@type":"BreadcrumbList","@id":"https:\/\/consideratepouchers.org\/uk\/smoke-free-europe-sweden-trims-snus-tax-by-20\/#breadcrumb","itemListElement":[{"@type":"ListItem","position":1,"name":"Home","item":"https:\/\/consideratepouchers.org\/"},{"@type":"ListItem","position":2,"name":"Smoke-Free Europe: Sweden Trims Snus Tax by 20%"}]},{"@type":"WebSite","@id":"https:\/\/consideratepouchers.org\/#website","url":"https:\/\/consideratepouchers.org\/","name":"Considerate Pouchers","description":"Improving Health &amp; Combatting Misinformation","publisher":{"@id":"https:\/\/consideratepouchers.org\/#organization"},"potentialAction":[{"@type":"SearchAction","target":{"@type":"EntryPoint","urlTemplate":"https:\/\/consideratepouchers.org\/?s={search_term_string}"},"query-input":{"@type":"PropertyValueSpecification","valueRequired":true,"valueName":"search_term_string"}}],"inLanguage":"cs"},{"@type":"Organization","@id":"https:\/\/consideratepouchers.org\/#organization","name":"Considerate Pouchers","url":"https:\/\/consideratepouchers.org\/","logo":{"@type":"ImageObject","inLanguage":"cs","@id":"https:\/\/consideratepouchers.org\/#\/schema\/logo\/image\/","url":"https:\/\/consideratepouchers.com\/wp-content\/uploads\/2021\/07\/Considerate-Pouchers-lOGO.png","contentUrl":"https:\/\/consideratepouchers.com\/wp-content\/uploads\/2021\/07\/Considerate-Pouchers-lOGO.png","width":504,"height":504,"caption":"Considerate Pouchers"},"image":{"@id":"https:\/\/consideratepouchers.org\/#\/schema\/logo\/image\/"},"sameAs":["https:\/\/www.facebook.com\/cpouchers","https:\/\/x.com\/CPouchers","https:\/\/www.instagram.com\/cpouchers"]},{"@type":"Person","@id":"https:\/\/consideratepouchers.org\/#\/schema\/person\/37761c96f91c510a2ff593c27738adc7","name":"Considerate Pouchers","url":"https:\/\/consideratepouchers.org\/cs\/author\/consideratepouchers\/"}]}},"jetpack_featured_media_url":"https:\/\/consideratepouchers.org\/wp-content\/uploads\/2023\/09\/Sweden_Tax_Cut_CP_Featured_Blog.png","_links":{"self":[{"href":"https:\/\/consideratepouchers.org\/cs\/wp-json\/wp\/v2\/posts\/1774","targetHints":{"allow":["GET"]}}],"collection":[{"href":"https:\/\/consideratepouchers.org\/cs\/wp-json\/wp\/v2\/posts"}],"about":[{"href":"https:\/\/consideratepouchers.org\/cs\/wp-json\/wp\/v2\/types\/post"}],"author":[{"embeddable":true,"href":"https:\/\/consideratepouchers.org\/cs\/wp-json\/wp\/v2\/users\/11"}],"replies":[{"embeddable":true,"href":"https:\/\/consideratepouchers.org\/cs\/wp-json\/wp\/v2\/comments?post=1774"}],"version-history":[{"count":0,"href":"https:\/\/consideratepouchers.org\/cs\/wp-json\/wp\/v2\/posts\/1774\/revisions"}],"wp:featuredmedia":[{"embeddable":true,"href":"https:\/\/consideratepouchers.org\/cs\/wp-json\/wp\/v2\/media\/1775"}],"wp:attachment":[{"href":"https:\/\/consideratepouchers.org\/cs\/wp-json\/wp\/v2\/media?parent=1774"}],"wp:term":[{"taxonomy":"category","embeddable":true,"href":"https:\/\/consideratepouchers.org\/cs\/wp-json\/wp\/v2\/categories?post=1774"},{"taxonomy":"post_tag","embeddable":true,"href":"https:\/\/consideratepouchers.org\/cs\/wp-json\/wp\/v2\/tags?post=1774"}],"curies":[{"name":"wp","href":"https:\/\/api.w.org\/{rel}","templated":true}]}}