{"id":3613,"date":"2025-09-09T07:27:42","date_gmt":"2025-09-09T07:27:42","guid":{"rendered":"https:\/\/consideratepouchers.org\/?p=3613"},"modified":"2025-09-09T07:29:49","modified_gmt":"2025-09-09T07:29:49","slug":"consumers-in-paris-rally-at-place-de-la-republique","status":"publish","type":"post","link":"https:\/\/consideratepouchers.org\/cs\/spotrebitele-v-parizi-demonstruji-na-namesti-republiky\/","title":{"rendered":"Spot\u0159ebitel\u00e9 na pa\u0159\u00ed\u017esk\u00e9 rally na Place de la R\u00e9publique"},"content":{"rendered":"<h4 class=\"wp-block-heading\">\u201eProtect Pouches \u2013 Francie mus\u00ed p\u0159ijmout sni\u017eov\u00e1n\u00ed \u0161kod\u201c<\/h4>\n\n\n\n<p>Pa\u0159\u00ed\u017e, 8.\u20139. z\u00e1\u0159\u00ed 2025 \u2013 Na n\u00e1m\u011bst\u00ed Place de la R\u00e9publique se francouz\u0161t\u00ed spot\u0159ebitel\u00e9 p\u0159ipojili k evropsk\u00e9 kampani Protect Pouches (Chr\u00e1\u0148me s\u00e1\u010dky), aby vyzvali tv\u016frce politik k zaji\u0161t\u011bn\u00ed p\u0159\u00edstupu k nikotinov\u00fdm s\u00e1\u010dk\u016fm \u2013 alternativ\u011b, kter\u00e1 ku\u0159\u00e1k\u016fm zachra\u0148uje \u017eivoty.<\/p>\n\n\n\n<p>Pa\u0159\u00ed\u017ean\u00e9 se pod\u011blili o osobn\u00ed p\u0159\u00edb\u011bhy o tom, jak jim nikotinov\u00e9 s\u00e1\u010dky pomohly p\u0159estat s cigaretami nebo se jim vyhnout. Tato sv\u011bdectv\u00ed budou v r\u00e1mci rostouc\u00edho hnut\u00ed p\u0159edlo\u017eena osob\u00e1m s rozhodovac\u00ed pravomoc\u00ed v Bruselu.<\/p>\n\n\n\n<p>Zat\u00edmco Francie se za\u010d\u00e1tkem leto\u0161n\u00edho roku zdr\u017eela \u00fapln\u00e9ho z\u00e1kazu, vl\u00e1da diskutuje o zaveden\u00ed p\u0159\u00edsn\u00fdch p\u0159edpis\u016f, kter\u00e9 by ohrozily nikotinov\u00e9 s\u00e1\u010dky. Spot\u0159ebitel\u00e9 se ob\u00e1vaj\u00ed, \u017ee pokud nebudou vysly\u0161eny jejich hlasy, z\u00edt\u0159ej\u0161\u00ed pravidla by mohla znamenat omezen\u00fd p\u0159\u00edstup nebo de facto z\u00e1kaz.<\/p>\n\n\n\n<p>\u201e\u0160v\u00e9dsko ji\u017e Evrop\u011b uk\u00e1zalo cestu vp\u0159ed \u2013 inovace, ne prohibice,\u201c \u0159ekl Juan Taborcia, glob\u00e1ln\u00ed mluv\u010d\u00ed organizace Considerate Pouchers.<\/p>\n\n\n\n<p>\u201eD\u00edky s\u00e1\u010dk\u016fm se \u0160v\u00e9dsku poda\u0159ilo sn\u00ed\u017eit m\u00edru kou\u0159en\u00ed na rekordn\u011b n\u00edzkou \u00farove\u0148, \u010d\u00edm\u017e se sn\u00ed\u017eilo riziko rakoviny a zachr\u00e1nily se \u017eivoty. Francie m\u016f\u017ee dos\u00e1hnout t\u00e9ho\u017e, pokud zvol\u00ed politiku zalo\u017eenou na d\u016fkazech.\u201c<\/p>\n\n\n\n<p>Francouzsk\u00e1 akce zd\u016fraz\u0148uje t\u0159i kl\u00ed\u010dov\u00e9 po\u017eadavky:<\/p>\n\n\n\n<ul class=\"wp-block-list\">\n<li>Vyv\u00e1\u017een\u00e1, nikoli trestn\u00e1 regulace<br><\/li>\n\n\n\n<li>Ochrana p\u0159\u00edchut\u00ed, kter\u00e1 pom\u00e1h\u00e1 ku\u0159\u00e1k\u016fm p\u0159ej\u00edt na<br><\/li>\n\n\n\n<li>Cenov\u011b dostupn\u00fd p\u0159\u00edstup k kapsi\u010dk\u00e1m pro ty, kte\u0159\u00ed cht\u011bj\u00ed p\u0159estat kou\u0159it<\/li>\n<\/ul>\n\n\n\n<p>Pa\u0159\u00ed\u017e\u0161t\u00ed spot\u0159ebitel\u00e9 zd\u016fraznili, \u017ee kapsi\u010dky jsou alternativou, kter\u00e1 neprodukuje kou\u0159, je bez z\u00e1pachu a je ohleduplnou volbou, kter\u00e1 odpov\u00edd\u00e1 modern\u00edmu \u017eivotn\u00edmu stylu.<\/p>\n\n\n\n<p>Pa\u0159\u00ed\u017esk\u00e1 rallye je sou\u010d\u00e1st\u00ed \u0161ir\u0161\u00ed evropsk\u00e9 roadshow se zast\u00e1vkami ve Stockholmu, Berl\u00edn\u011b, Var\u0161av\u011b, Praze a Bruselu. Ka\u017ed\u00e1 akce otev\u00edr\u00e1 prostor pro hlasy spot\u0159ebitel\u016f, aby se zajistilo, \u017ee vedouc\u00ed p\u0159edstavitel\u00e9 EU pochop\u00ed skute\u010dn\u00fd dopad nikotinov\u00fdch s\u00e1\u010dk\u016f na \u017eivot.<\/p>","protected":false},"excerpt":{"rendered":"<p>\u201eChr\u00e1\u0148te s\u00e1\u010dky \u2013 Francie mus\u00ed p\u0159ijmout z\u00e1sady sni\u017eov\u00e1n\u00ed \u0161kod\u201c Pa\u0159\u00ed\u017e, 8.\u20139. z\u00e1\u0159\u00ed 2025 \u2013 Na n\u00e1m\u011bst\u00ed Place de la R\u00e9publique se francouz\u0161t\u00ed spot\u0159ebitel\u00e9 p\u0159ipojili k evropsk\u00e9 kampani Chr\u00e1\u0148te s\u00e1\u010dky, aby vyzvali tv\u016frce politik k zaji\u0161t\u011bn\u00ed p\u0159\u00edstupu k nikotinov\u00fdm s\u00e1\u010dk\u016fm \u2013 alternativ\u011b, kter\u00e1 ku\u0159\u00e1k\u016fm zachra\u0148uje \u017eivoty. Pa\u0159\u00ed\u017ean\u00e9 se pod\u011blili o osobn\u00ed p\u0159\u00edb\u011bhy o tom, jak jim nikotinov\u00e9 s\u00e1\u010dky pomohly p\u0159estat kou\u0159it nebo z\u016fstat [\u2026]<\/p>","protected":false},"author":11,"featured_media":3614,"comment_status":"closed","ping_status":"open","sticky":false,"template":"","format":"standard","meta":{"footnotes":""},"categories":[9],"tags":[],"class_list":["post-3613","post","type-post","status-publish","format-standard","has-post-thumbnail","hentry","category-blog"],"yoast_head":"<!-- This site is optimized with the Yoast SEO plugin v25.0 - https:\/\/yoast.com\/wordpress\/plugins\/seo\/ -->\n<title>Consumers in Paris Rally at Place de la R\u00e9publique - Considerate Pouchers<\/title>\n<meta name=\"description\" content=\"French consumers joined the European campaign Protect Pouches to call on policymakers to safeguard access to nicotine pouches.\" \/>\n<meta name=\"robots\" content=\"index, follow, max-snippet:-1, max-image-preview:large, max-video-preview:-1\" \/>\n<link rel=\"canonical\" href=\"https:\/\/consideratepouchers.org\/cs\/spotrebitele-v-parizi-demonstruji-na-namesti-republiky\/\" \/>\n<meta property=\"og:locale\" content=\"cs_CZ\" \/>\n<meta property=\"og:type\" content=\"article\" \/>\n<meta property=\"og:title\" content=\"Consumers in Paris Rally at Place de la R\u00e9publique - Considerate Pouchers\" \/>\n<meta property=\"og:description\" content=\"French consumers joined the European campaign Protect Pouches to call on policymakers to safeguard access to nicotine pouches.\" \/>\n<meta property=\"og:url\" content=\"https:\/\/consideratepouchers.org\/cs\/spotrebitele-v-parizi-demonstruji-na-namesti-republiky\/\" \/>\n<meta property=\"og:site_name\" content=\"Considerate Pouchers\" \/>\n<meta property=\"article:publisher\" content=\"https:\/\/www.facebook.com\/cpouchers\" \/>\n<meta property=\"article:published_time\" content=\"2025-09-09T07:27:42+00:00\" \/>\n<meta property=\"article:modified_time\" content=\"2025-09-09T07:29:49+00:00\" \/>\n<meta property=\"og:image\" content=\"https:\/\/consideratepouchers.org\/wp-content\/uploads\/2025\/09\/protect-pouches-bike-tour-Paris-1024x945.png\" \/>\n\t<meta property=\"og:image:width\" content=\"1024\" \/>\n\t<meta property=\"og:image:height\" content=\"945\" \/>\n\t<meta property=\"og:image:type\" content=\"image\/png\" \/>\n<meta name=\"author\" content=\"Considerate Pouchers\" \/>\n<meta name=\"twitter:card\" content=\"summary_large_image\" \/>\n<meta name=\"twitter:creator\" content=\"@CPouchers\" \/>\n<meta name=\"twitter:site\" content=\"@CPouchers\" \/>\n<meta name=\"twitter:label1\" content=\"Written by\" \/>\n\t<meta name=\"twitter:data1\" content=\"Considerate Pouchers\" \/>\n\t<meta name=\"twitter:label2\" content=\"Est. reading time\" \/>\n\t<meta name=\"twitter:data2\" content=\"2 minuty\" \/>\n<script type=\"application\/ld+json\" class=\"yoast-schema-graph\">{\"@context\":\"https:\/\/schema.org\",\"@graph\":[{\"@type\":\"Article\",\"@id\":\"https:\/\/consideratepouchers.org\/consumers-in-paris-rally-at-place-de-la-republique\/#article\",\"isPartOf\":{\"@id\":\"https:\/\/consideratepouchers.org\/consumers-in-paris-rally-at-place-de-la-republique\/\"},\"author\":{\"name\":\"Considerate Pouchers\",\"@id\":\"https:\/\/consideratepouchers.org\/#\/schema\/person\/37761c96f91c510a2ff593c27738adc7\"},\"headline\":\"Consumers in Paris Rally at Place de la R\u00e9publique\",\"datePublished\":\"2025-09-09T07:27:42+00:00\",\"dateModified\":\"2025-09-09T07:29:49+00:00\",\"mainEntityOfPage\":{\"@id\":\"https:\/\/consideratepouchers.org\/consumers-in-paris-rally-at-place-de-la-republique\/\"},\"wordCount\":252,\"publisher\":{\"@id\":\"https:\/\/consideratepouchers.org\/#organization\"},\"image\":{\"@id\":\"https:\/\/consideratepouchers.org\/consumers-in-paris-rally-at-place-de-la-republique\/#primaryimage\"},\"thumbnailUrl\":\"https:\/\/consideratepouchers.org\/wp-content\/uploads\/2025\/09\/protect-pouches-bike-tour-Paris.png\",\"articleSection\":[\"Blog\"],\"inLanguage\":\"cs\"},{\"@type\":\"WebPage\",\"@id\":\"https:\/\/consideratepouchers.org\/consumers-in-paris-rally-at-place-de-la-republique\/\",\"url\":\"https:\/\/consideratepouchers.org\/consumers-in-paris-rally-at-place-de-la-republique\/\",\"name\":\"Consumers in Paris Rally at Place de la R\u00e9publique - Considerate Pouchers\",\"isPartOf\":{\"@id\":\"https:\/\/consideratepouchers.org\/#website\"},\"primaryImageOfPage\":{\"@id\":\"https:\/\/consideratepouchers.org\/consumers-in-paris-rally-at-place-de-la-republique\/#primaryimage\"},\"image\":{\"@id\":\"https:\/\/consideratepouchers.org\/consumers-in-paris-rally-at-place-de-la-republique\/#primaryimage\"},\"thumbnailUrl\":\"https:\/\/consideratepouchers.org\/wp-content\/uploads\/2025\/09\/protect-pouches-bike-tour-Paris.png\",\"datePublished\":\"2025-09-09T07:27:42+00:00\",\"dateModified\":\"2025-09-09T07:29:49+00:00\",\"description\":\"French consumers joined the European campaign Protect Pouches to call on policymakers to safeguard access to nicotine pouches.\",\"breadcrumb\":{\"@id\":\"https:\/\/consideratepouchers.org\/consumers-in-paris-rally-at-place-de-la-republique\/#breadcrumb\"},\"inLanguage\":\"cs\",\"potentialAction\":[{\"@type\":\"ReadAction\",\"target\":[\"https:\/\/consideratepouchers.org\/consumers-in-paris-rally-at-place-de-la-republique\/\"]}]},{\"@type\":\"ImageObject\",\"inLanguage\":\"cs\",\"@id\":\"https:\/\/consideratepouchers.org\/consumers-in-paris-rally-at-place-de-la-republique\/#primaryimage\",\"url\":\"https:\/\/consideratepouchers.org\/wp-content\/uploads\/2025\/09\/protect-pouches-bike-tour-Paris.png\",\"contentUrl\":\"https:\/\/consideratepouchers.org\/wp-content\/uploads\/2025\/09\/protect-pouches-bike-tour-Paris.png\",\"width\":2081,\"height\":1920},{\"@type\":\"BreadcrumbList\",\"@id\":\"https:\/\/consideratepouchers.org\/consumers-in-paris-rally-at-place-de-la-republique\/#breadcrumb\",\"itemListElement\":[{\"@type\":\"ListItem\",\"position\":1,\"name\":\"Home\",\"item\":\"https:\/\/consideratepouchers.org\/\"},{\"@type\":\"ListItem\",\"position\":2,\"name\":\"Consumers in Paris Rally at Place de la R\u00e9publique\"}]},{\"@type\":\"WebSite\",\"@id\":\"https:\/\/consideratepouchers.org\/#website\",\"url\":\"https:\/\/consideratepouchers.org\/\",\"name\":\"Considerate Pouchers\",\"description\":\"Improving Health &amp; Combatting Misinformation\",\"publisher\":{\"@id\":\"https:\/\/consideratepouchers.org\/#organization\"},\"potentialAction\":[{\"@type\":\"SearchAction\",\"target\":{\"@type\":\"EntryPoint\",\"urlTemplate\":\"https:\/\/consideratepouchers.org\/?s={search_term_string}\"},\"query-input\":{\"@type\":\"PropertyValueSpecification\",\"valueRequired\":true,\"valueName\":\"search_term_string\"}}],\"inLanguage\":\"cs\"},{\"@type\":\"Organization\",\"@id\":\"https:\/\/consideratepouchers.org\/#organization\",\"name\":\"Considerate Pouchers\",\"url\":\"https:\/\/consideratepouchers.org\/\",\"logo\":{\"@type\":\"ImageObject\",\"inLanguage\":\"cs\",\"@id\":\"https:\/\/consideratepouchers.org\/#\/schema\/logo\/image\/\",\"url\":\"https:\/\/consideratepouchers.com\/wp-content\/uploads\/2021\/07\/Considerate-Pouchers-lOGO.png\",\"contentUrl\":\"https:\/\/consideratepouchers.com\/wp-content\/uploads\/2021\/07\/Considerate-Pouchers-lOGO.png\",\"width\":504,\"height\":504,\"caption\":\"Considerate Pouchers\"},\"image\":{\"@id\":\"https:\/\/consideratepouchers.org\/#\/schema\/logo\/image\/\"},\"sameAs\":[\"https:\/\/www.facebook.com\/cpouchers\",\"https:\/\/x.com\/CPouchers\",\"https:\/\/www.instagram.com\/cpouchers\"]},{\"@type\":\"Person\",\"@id\":\"https:\/\/consideratepouchers.org\/#\/schema\/person\/37761c96f91c510a2ff593c27738adc7\",\"name\":\"Considerate Pouchers\",\"url\":\"https:\/\/consideratepouchers.org\/cs\/author\/consideratepouchers\/\"}]}<\/script>\n<!-- \/ Yoast SEO plugin. -->","yoast_head_json":{"title":"Consumers in Paris Rally at Place de la R\u00e9publique - Considerate Pouchers","description":"French consumers joined the European campaign Protect Pouches to call on policymakers to safeguard access to nicotine pouches.","robots":{"index":"index","follow":"follow","max-snippet":"max-snippet:-1","max-image-preview":"max-image-preview:large","max-video-preview":"max-video-preview:-1"},"canonical":"https:\/\/consideratepouchers.org\/cs\/spotrebitele-v-parizi-demonstruji-na-namesti-republiky\/","og_locale":"cs_CZ","og_type":"article","og_title":"Consumers in Paris Rally at Place de la R\u00e9publique - Considerate Pouchers","og_description":"French consumers joined the European campaign Protect Pouches to call on policymakers to safeguard access to nicotine pouches.","og_url":"https:\/\/consideratepouchers.org\/cs\/spotrebitele-v-parizi-demonstruji-na-namesti-republiky\/","og_site_name":"Considerate Pouchers","article_publisher":"https:\/\/www.facebook.com\/cpouchers","article_published_time":"2025-09-09T07:27:42+00:00","article_modified_time":"2025-09-09T07:29:49+00:00","og_image":[{"width":1024,"height":945,"url":"https:\/\/consideratepouchers.org\/wp-content\/uploads\/2025\/09\/protect-pouches-bike-tour-Paris-1024x945.png","type":"image\/png"}],"author":"Considerate Pouchers","twitter_card":"summary_large_image","twitter_creator":"@CPouchers","twitter_site":"@CPouchers","twitter_misc":{"Written by":"Considerate Pouchers","Est. reading time":"2 minuty"},"schema":{"@context":"https:\/\/schema.org","@graph":[{"@type":"Article","@id":"https:\/\/consideratepouchers.org\/consumers-in-paris-rally-at-place-de-la-republique\/#article","isPartOf":{"@id":"https:\/\/consideratepouchers.org\/consumers-in-paris-rally-at-place-de-la-republique\/"},"author":{"name":"Considerate Pouchers","@id":"https:\/\/consideratepouchers.org\/#\/schema\/person\/37761c96f91c510a2ff593c27738adc7"},"headline":"Consumers in Paris Rally at Place de la R\u00e9publique","datePublished":"2025-09-09T07:27:42+00:00","dateModified":"2025-09-09T07:29:49+00:00","mainEntityOfPage":{"@id":"https:\/\/consideratepouchers.org\/consumers-in-paris-rally-at-place-de-la-republique\/"},"wordCount":252,"publisher":{"@id":"https:\/\/consideratepouchers.org\/#organization"},"image":{"@id":"https:\/\/consideratepouchers.org\/consumers-in-paris-rally-at-place-de-la-republique\/#primaryimage"},"thumbnailUrl":"https:\/\/consideratepouchers.org\/wp-content\/uploads\/2025\/09\/protect-pouches-bike-tour-Paris.png","articleSection":["Blog"],"inLanguage":"cs"},{"@type":"WebPage","@id":"https:\/\/consideratepouchers.org\/consumers-in-paris-rally-at-place-de-la-republique\/","url":"https:\/\/consideratepouchers.org\/consumers-in-paris-rally-at-place-de-la-republique\/","name":"Consumers in Paris Rally at Place de la R\u00e9publique - Considerate Pouchers","isPartOf":{"@id":"https:\/\/consideratepouchers.org\/#website"},"primaryImageOfPage":{"@id":"https:\/\/consideratepouchers.org\/consumers-in-paris-rally-at-place-de-la-republique\/#primaryimage"},"image":{"@id":"https:\/\/consideratepouchers.org\/consumers-in-paris-rally-at-place-de-la-republique\/#primaryimage"},"thumbnailUrl":"https:\/\/consideratepouchers.org\/wp-content\/uploads\/2025\/09\/protect-pouches-bike-tour-Paris.png","datePublished":"2025-09-09T07:27:42+00:00","dateModified":"2025-09-09T07:29:49+00:00","description":"French consumers joined the European campaign Protect Pouches to call on policymakers to safeguard access to nicotine pouches.","breadcrumb":{"@id":"https:\/\/consideratepouchers.org\/consumers-in-paris-rally-at-place-de-la-republique\/#breadcrumb"},"inLanguage":"cs","potentialAction":[{"@type":"ReadAction","target":["https:\/\/consideratepouchers.org\/consumers-in-paris-rally-at-place-de-la-republique\/"]}]},{"@type":"ImageObject","inLanguage":"cs","@id":"https:\/\/consideratepouchers.org\/consumers-in-paris-rally-at-place-de-la-republique\/#primaryimage","url":"https:\/\/consideratepouchers.org\/wp-content\/uploads\/2025\/09\/protect-pouches-bike-tour-Paris.png","contentUrl":"https:\/\/consideratepouchers.org\/wp-content\/uploads\/2025\/09\/protect-pouches-bike-tour-Paris.png","width":2081,"height":1920},{"@type":"BreadcrumbList","@id":"https:\/\/consideratepouchers.org\/consumers-in-paris-rally-at-place-de-la-republique\/#breadcrumb","itemListElement":[{"@type":"ListItem","position":1,"name":"Home","item":"https:\/\/consideratepouchers.org\/"},{"@type":"ListItem","position":2,"name":"Consumers in Paris Rally at Place de la R\u00e9publique"}]},{"@type":"WebSite","@id":"https:\/\/consideratepouchers.org\/#website","url":"https:\/\/consideratepouchers.org\/","name":"Considerate Pouchers","description":"Improving Health &amp; Combatting Misinformation","publisher":{"@id":"https:\/\/consideratepouchers.org\/#organization"},"potentialAction":[{"@type":"SearchAction","target":{"@type":"EntryPoint","urlTemplate":"https:\/\/consideratepouchers.org\/?s={search_term_string}"},"query-input":{"@type":"PropertyValueSpecification","valueRequired":true,"valueName":"search_term_string"}}],"inLanguage":"cs"},{"@type":"Organization","@id":"https:\/\/consideratepouchers.org\/#organization","name":"Considerate Pouchers","url":"https:\/\/consideratepouchers.org\/","logo":{"@type":"ImageObject","inLanguage":"cs","@id":"https:\/\/consideratepouchers.org\/#\/schema\/logo\/image\/","url":"https:\/\/consideratepouchers.com\/wp-content\/uploads\/2021\/07\/Considerate-Pouchers-lOGO.png","contentUrl":"https:\/\/consideratepouchers.com\/wp-content\/uploads\/2021\/07\/Considerate-Pouchers-lOGO.png","width":504,"height":504,"caption":"Considerate Pouchers"},"image":{"@id":"https:\/\/consideratepouchers.org\/#\/schema\/logo\/image\/"},"sameAs":["https:\/\/www.facebook.com\/cpouchers","https:\/\/x.com\/CPouchers","https:\/\/www.instagram.com\/cpouchers"]},{"@type":"Person","@id":"https:\/\/consideratepouchers.org\/#\/schema\/person\/37761c96f91c510a2ff593c27738adc7","name":"Considerate Pouchers","url":"https:\/\/consideratepouchers.org\/cs\/author\/consideratepouchers\/"}]}},"jetpack_featured_media_url":"https:\/\/consideratepouchers.org\/wp-content\/uploads\/2025\/09\/protect-pouches-bike-tour-Paris.png","_links":{"self":[{"href":"https:\/\/consideratepouchers.org\/cs\/wp-json\/wp\/v2\/posts\/3613","targetHints":{"allow":["GET"]}}],"collection":[{"href":"https:\/\/consideratepouchers.org\/cs\/wp-json\/wp\/v2\/posts"}],"about":[{"href":"https:\/\/consideratepouchers.org\/cs\/wp-json\/wp\/v2\/types\/post"}],"author":[{"embeddable":true,"href":"https:\/\/consideratepouchers.org\/cs\/wp-json\/wp\/v2\/users\/11"}],"replies":[{"embeddable":true,"href":"https:\/\/consideratepouchers.org\/cs\/wp-json\/wp\/v2\/comments?post=3613"}],"version-history":[{"count":0,"href":"https:\/\/consideratepouchers.org\/cs\/wp-json\/wp\/v2\/posts\/3613\/revisions"}],"wp:featuredmedia":[{"embeddable":true,"href":"https:\/\/consideratepouchers.org\/cs\/wp-json\/wp\/v2\/media\/3614"}],"wp:attachment":[{"href":"https:\/\/consideratepouchers.org\/cs\/wp-json\/wp\/v2\/media?parent=3613"}],"wp:term":[{"taxonomy":"category","embeddable":true,"href":"https:\/\/consideratepouchers.org\/cs\/wp-json\/wp\/v2\/categories?post=3613"},{"taxonomy":"post_tag","embeddable":true,"href":"https:\/\/consideratepouchers.org\/cs\/wp-json\/wp\/v2\/tags?post=3613"}],"curies":[{"name":"wp","href":"https:\/\/api.w.org\/{rel}","templated":true}]}}