{"id":3694,"date":"2025-12-19T16:11:23","date_gmt":"2025-12-19T16:11:23","guid":{"rendered":"https:\/\/consideratepouchers.org\/?p=3694"},"modified":"2025-12-19T16:11:23","modified_gmt":"2025-12-19T16:11:23","slug":"eu-health-chief-says-pouches-are-as-harmful-as-cigarettes-evidence-remains-pending","status":"publish","type":"post","link":"https:\/\/consideratepouchers.org\/cs\/sef-zdravotnictvi-eu-rika-ze-sacky-jsou-stejne-skodlive-jako-cigarety-dukazy-zatim-nejsou-k-dispozici\/","title":{"rendered":"Ministr zdravotnictv\u00ed EU \u0159\u00edk\u00e1, \u017ee s\u00e1\u010dky jsou \u201estejn\u011b \u0161kodliv\u00e9 jako cigarety\u201c, d\u016fkazy st\u00e1le \u010dekaj\u00ed na odhalen\u00ed"},"content":{"rendered":"<h3 class=\"wp-block-heading\">Tiskov\u00e1 zpr\u00e1va:<\/h3>\n\n\n\n<p>V <a href=\"https:\/\/www.euractiv.com\/news\/exclusive-eu-health-chief-100-convinced-new-products-as-harmful-as-cigarettes\/\">rozhovor<\/a> publikov\u00e1no <em>Euractiv<\/em>Komisa\u0159 EU pro zdrav\u00ed Oliv\u00e9r V\u00e1rhelyi prohl\u00e1sil, \u017ee je \u201ena 100% p\u0159esv\u011bd\u010den\u201c, \u017ee nikotinov\u00e9 s\u00e1\u010dky jsou stejn\u011b \u0161kodliv\u00e9 jako cigarety. Evropsk\u00e1 komise z\u00e1rove\u0148 potvrzuje, \u017ee st\u00e1le \u010dek\u00e1 na dal\u0161\u00ed d\u016fkazy ze studi\u00ed Sv\u011btov\u00e9 zdravotnick\u00e9 organizace, kter\u00e9 by m\u011bly b\u00fdt zve\u0159ejn\u011bny v roce 2026.<\/p>\n\n\n\n<p>Tento rozpor vyvol\u00e1v\u00e1 v\u00e1\u017en\u00e9 ot\u00e1zky ohledn\u011b toho, jak jsou v politice EU v oblasti ve\u0159ejn\u00e9ho zdrav\u00ed vyvozov\u00e1ny z\u00e1v\u011bry.<\/p>\n\n\n\n<p>Cigarety zp\u016fsobuj\u00ed kardiovaskul\u00e1rn\u00ed onemocn\u011bn\u00ed, rakovinu a respira\u010dn\u00ed onemocn\u011bn\u00ed p\u0159edev\u0161\u00edm v d\u016fsledku spalov\u00e1n\u00ed. Spalov\u00e1n\u00ed tab\u00e1ku vystavuje u\u017eivatele oxidu uhelnat\u00e9mu, jemn\u00fdm \u010d\u00e1stic\u00edm a tis\u00edc\u016fm toxick\u00fdch vedlej\u0161\u00edch produkt\u016f, kter\u00e9 po\u0161kozuj\u00ed srdce, pl\u00edce a c\u00e9vy. Tento mechanismus je dob\u0159e zaveden v desetilet\u00edch epidemiologick\u00e9ho a toxikologick\u00e9ho v\u00fdzkumu.<\/p>\n\n\n\n<p>S\u00e1\u010dky neho\u0159\u00ed, neprodukuj\u00ed kou\u0159 a nevystavuj\u00ed u\u017eivatele toxin\u016fm souvisej\u00edc\u00edm s ho\u0159en\u00edm.<\/p>\n\n\n\n<p>Hodnocen\u00ed rizik tento rozd\u00edl d\u016fsledn\u011b odr\u00e1\u017e\u00ed. Na \u0161k\u00e1l\u00e1ch relativn\u00ed \u0161kodlivosti pou\u017e\u00edvan\u00fdch ve v\u00fdzkumu ve\u0159ejn\u00e9ho zdrav\u00ed dosahuj\u00ed cigarety sk\u00f3re 100, zat\u00edmco nikotinov\u00e9 s\u00e1\u010dky sk\u00f3re p\u0159ibli\u017en\u011b 0,1, co\u017e p\u0159edstavuje o 99,9% ni\u017e\u0161\u00ed zdravotn\u00ed riziko ve srovn\u00e1n\u00ed s kou\u0159en\u00edm.<\/p>\n\n\n\n<p>V\u00fdsledky z re\u00e1ln\u00e9ho sv\u011bta tuto v\u011bdeckou teorii potvrzuj\u00ed. \u0160v\u00e9dsko, kde jsou bezd\u00fdmn\u00e9 peror\u00e1ln\u00ed nikotinov\u00e9 v\u00fdrobky \u0161iroce dostupn\u00e9 a cenov\u011b dostupn\u00e9, m\u00e1 nejni\u017e\u0161\u00ed m\u00edru kou\u0159en\u00ed v Evropsk\u00e9 unii, p\u0159ibli\u017en\u011b 5,3 procenta. Zem\u011b tak\u00e9 zaznamen\u00e1v\u00e1 p\u0159ibli\u017en\u011b o 44 procent ni\u017e\u0161\u00ed \u00famrtnost souvisej\u00edc\u00ed s tab\u00e1kem ne\u017e je pr\u016fm\u011br EU, nejni\u017e\u0161\u00ed v\u00fdskyt rakoviny plic v Evrop\u011b a ni\u017e\u0161\u00ed m\u00edru kardiovaskul\u00e1rn\u00edch onemocn\u011bn\u00ed ve srovn\u00e1n\u00ed se sousedn\u00edmi zem\u011bmi.<\/p>\n\n\n\n<p>T\u011bchto v\u00fdsledk\u016f bylo dosa\u017eeno regulac\u00ed \u00fam\u011brnou riziku, kter\u00e1 povzbuzovala ku\u0159\u00e1ky k tomu, aby se odklonili od spalov\u00e1n\u00ed, nikoli t\u00edm, \u017ee by se v\u0161echny nikotinov\u00e9 v\u00fdrobky pova\u017eovaly za stejn\u011b nebezpe\u010dn\u00e9.<\/p>\n\n\n\n<p>Navzdory t\u011bmto d\u016fkaz\u016fm sou\u010dasn\u00fd postoj Komise ztoto\u017e\u0148uje nekou\u0159liv\u00e9 nikotinov\u00e9 v\u00fdrobky s ho\u0159lav\u00fdmi cigaretami a z\u00e1rove\u0148 uzn\u00e1v\u00e1, \u017ee dal\u0161\u00ed studie veden\u00e9 WHO nebudou k dispozici d\u0159\u00edve ne\u017e v roce 2026.<\/p>\n\n\n\n<p><strong>Juan Rafael Taborc\u00eda<\/strong>, Glob\u00e1ln\u00ed mluv\u010d\u00ed pro <strong>Considerate Pouchers<\/strong>, \u0159ekl:<\/p>\n\n\n\n<p>\u201eProhla\u0161ovat, \u017ee nikotinov\u00e9 s\u00e1\u010dky jsou \u201astejn\u011b \u0161kodliv\u00e9 jako cigarety\u2018, a z\u00e1rove\u0148 p\u0159ipou\u0161t\u011bt, \u017ee kl\u00ed\u010dov\u00e9 d\u016fkazy st\u00e1le \u010dekaj\u00ed na z\u00edsk\u00e1n\u00ed, neodr\u00e1\u017e\u00ed to, jak v\u011bda obvykle funguje. U\u017e v\u00edme, co zp\u016fsobuje nemoci souvisej\u00edc\u00ed s kou\u0159en\u00edm. Spalov\u00e1n\u00ed ano. S\u00e1\u010dky nespaluj\u00ed. Politika ve\u0159ejn\u00e9ho zdrav\u00ed by se m\u011bla \u0159\u00eddit t\u00edm, co je ji\u017e zavedeno, a nem\u011bla by selektivn\u011b odkl\u00e1dat \u00fasudky.\u201c<\/p>\n\n\n\n<p>Considerate Pouchers vyz\u00fdv\u00e1 Evropskou komisi a \u010dlensk\u00e9 st\u00e1ty, aby sladily politiku t\u00fdkaj\u00edc\u00ed se nikotinu se st\u00e1vaj\u00edc\u00edmi v\u011bdeck\u00fdmi d\u016fkazy a re\u00e1ln\u00fdmi v\u00fdsledky. Zach\u00e1zen\u00ed se z\u00e1sadn\u011b odli\u0161n\u00fdmi v\u00fdrobky, jako by p\u0159edstavovaly stejn\u00e1 rizika, odstra\u0148uje motivaci ku\u0159\u00e1k\u016f k p\u0159echodu na bezpe\u010dn\u011bj\u0161\u00ed alternativy a riskuje zpomalen\u00ed pokroku v oblasti sni\u017eov\u00e1n\u00ed kou\u0159en\u00ed v cel\u00e9 Evrop\u011b.<\/p>","protected":false},"excerpt":{"rendered":"<p>Tiskov\u00e1 zpr\u00e1va: V rozhovoru zve\u0159ejn\u011bn\u00e9m serverem Euractiv prohl\u00e1sil evropsk\u00fd komisa\u0159 pro zdrav\u00ed Oliv\u00e9r V\u00e1rhelyi, \u017ee je \u201ena 1001 p\u0159esv\u011bd\u010den\u201c, \u017ee nikotinov\u00e9 s\u00e1\u010dky jsou stejn\u011b \u0161kodliv\u00e9 jako cigarety. Evropsk\u00e1 komise z\u00e1rove\u0148 potvrzuje, \u017ee st\u00e1le \u010dek\u00e1 na dal\u0161\u00ed d\u016fkazy ze studi\u00ed Sv\u011btov\u00e9 zdravotnick\u00e9 organizace, kter\u00e9 by m\u011bly b\u00fdt zve\u0159ejn\u011bny v roce 2026. Tento rozpor vyvol\u00e1v\u00e1 v\u00e1\u017en\u00e9 ot\u00e1zky [\u2026]<\/p>","protected":false},"author":13,"featured_media":3693,"comment_status":"closed","ping_status":"open","sticky":false,"template":"","format":"standard","meta":{"footnotes":""},"categories":[9],"tags":[],"class_list":["post-3694","post","type-post","status-publish","format-standard","has-post-thumbnail","hentry","category-blog"],"yoast_head":"<!-- This site is optimized with the Yoast SEO plugin v25.0 - https:\/\/yoast.com\/wordpress\/plugins\/seo\/ -->\n<title>EU Health Chief Says Pouches Are \u201cAs Harmful as Cigarettes\u201d Evidence Remains Pending - Considerate Pouchers<\/title>\n<meta name=\"description\" content=\"In an interview published by Euractiv, EU Health Commissioner Oliv\u00e9r V\u00e1rhelyi stated that he is \u201c100% convinced\u201d nicotine pouches are as harmful as cigarettes.\" \/>\n<meta name=\"robots\" content=\"index, follow, max-snippet:-1, max-image-preview:large, max-video-preview:-1\" \/>\n<link rel=\"canonical\" href=\"https:\/\/consideratepouchers.org\/cs\/sef-zdravotnictvi-eu-rika-ze-sacky-jsou-stejne-skodlive-jako-cigarety-dukazy-zatim-nejsou-k-dispozici\/\" \/>\n<meta property=\"og:locale\" content=\"cs_CZ\" \/>\n<meta property=\"og:type\" content=\"article\" \/>\n<meta property=\"og:title\" content=\"EU Health Chief Says Pouches Are \u201cAs Harmful as Cigarettes\u201d Evidence Remains Pending - Considerate Pouchers\" \/>\n<meta property=\"og:description\" content=\"In an interview published by Euractiv, EU Health Commissioner Oliv\u00e9r V\u00e1rhelyi stated that he is \u201c100% convinced\u201d nicotine pouches are as harmful as cigarettes.\" \/>\n<meta property=\"og:url\" content=\"https:\/\/consideratepouchers.org\/cs\/sef-zdravotnictvi-eu-rika-ze-sacky-jsou-stejne-skodlive-jako-cigarety-dukazy-zatim-nejsou-k-dispozici\/\" \/>\n<meta property=\"og:site_name\" content=\"Considerate Pouchers\" \/>\n<meta property=\"article:publisher\" content=\"https:\/\/www.facebook.com\/cpouchers\" \/>\n<meta property=\"article:published_time\" content=\"2025-12-19T16:11:23+00:00\" \/>\n<meta property=\"og:image\" content=\"https:\/\/consideratepouchers.org\/wp-content\/uploads\/2025\/12\/Press-release.png\" \/>\n\t<meta property=\"og:image:width\" content=\"2081\" \/>\n\t<meta property=\"og:image:height\" content=\"1920\" \/>\n\t<meta property=\"og:image:type\" content=\"image\/png\" \/>\n<meta name=\"author\" content=\"Juan Taborcia\" \/>\n<meta name=\"twitter:card\" content=\"summary_large_image\" \/>\n<meta name=\"twitter:creator\" content=\"@CPouchers\" \/>\n<meta name=\"twitter:site\" content=\"@CPouchers\" \/>\n<meta name=\"twitter:label1\" content=\"Written by\" \/>\n\t<meta name=\"twitter:data1\" content=\"Juan Taborcia\" \/>\n\t<meta name=\"twitter:label2\" content=\"Est. reading time\" \/>\n\t<meta name=\"twitter:data2\" content=\"2 minuty\" \/>\n<script type=\"application\/ld+json\" class=\"yoast-schema-graph\">{\"@context\":\"https:\/\/schema.org\",\"@graph\":[{\"@type\":\"Article\",\"@id\":\"https:\/\/consideratepouchers.org\/eu-health-chief-says-pouches-are-as-harmful-as-cigarettes-evidence-remains-pending\/#article\",\"isPartOf\":{\"@id\":\"https:\/\/consideratepouchers.org\/eu-health-chief-says-pouches-are-as-harmful-as-cigarettes-evidence-remains-pending\/\"},\"author\":{\"name\":\"Juan Taborcia\",\"@id\":\"https:\/\/consideratepouchers.org\/#\/schema\/person\/0f5a68e74cddc0ec762ddf9ae8cb6cc8\"},\"headline\":\"EU Health Chief Says Pouches Are \u201cAs Harmful as Cigarettes\u201d Evidence Remains Pending\",\"datePublished\":\"2025-12-19T16:11:23+00:00\",\"mainEntityOfPage\":{\"@id\":\"https:\/\/consideratepouchers.org\/eu-health-chief-says-pouches-are-as-harmful-as-cigarettes-evidence-remains-pending\/\"},\"wordCount\":390,\"publisher\":{\"@id\":\"https:\/\/consideratepouchers.org\/#organization\"},\"image\":{\"@id\":\"https:\/\/consideratepouchers.org\/eu-health-chief-says-pouches-are-as-harmful-as-cigarettes-evidence-remains-pending\/#primaryimage\"},\"thumbnailUrl\":\"https:\/\/consideratepouchers.org\/wp-content\/uploads\/2025\/12\/Press-release.png\",\"articleSection\":[\"Blog\"],\"inLanguage\":\"cs\"},{\"@type\":\"WebPage\",\"@id\":\"https:\/\/consideratepouchers.org\/eu-health-chief-says-pouches-are-as-harmful-as-cigarettes-evidence-remains-pending\/\",\"url\":\"https:\/\/consideratepouchers.org\/eu-health-chief-says-pouches-are-as-harmful-as-cigarettes-evidence-remains-pending\/\",\"name\":\"EU Health Chief Says Pouches Are \u201cAs Harmful as Cigarettes\u201d Evidence Remains Pending - Considerate Pouchers\",\"isPartOf\":{\"@id\":\"https:\/\/consideratepouchers.org\/#website\"},\"primaryImageOfPage\":{\"@id\":\"https:\/\/consideratepouchers.org\/eu-health-chief-says-pouches-are-as-harmful-as-cigarettes-evidence-remains-pending\/#primaryimage\"},\"image\":{\"@id\":\"https:\/\/consideratepouchers.org\/eu-health-chief-says-pouches-are-as-harmful-as-cigarettes-evidence-remains-pending\/#primaryimage\"},\"thumbnailUrl\":\"https:\/\/consideratepouchers.org\/wp-content\/uploads\/2025\/12\/Press-release.png\",\"datePublished\":\"2025-12-19T16:11:23+00:00\",\"description\":\"In an interview published by Euractiv, EU Health Commissioner Oliv\u00e9r V\u00e1rhelyi stated that he is \u201c100% convinced\u201d nicotine pouches are as harmful as cigarettes.\",\"breadcrumb\":{\"@id\":\"https:\/\/consideratepouchers.org\/eu-health-chief-says-pouches-are-as-harmful-as-cigarettes-evidence-remains-pending\/#breadcrumb\"},\"inLanguage\":\"cs\",\"potentialAction\":[{\"@type\":\"ReadAction\",\"target\":[\"https:\/\/consideratepouchers.org\/eu-health-chief-says-pouches-are-as-harmful-as-cigarettes-evidence-remains-pending\/\"]}]},{\"@type\":\"ImageObject\",\"inLanguage\":\"cs\",\"@id\":\"https:\/\/consideratepouchers.org\/eu-health-chief-says-pouches-are-as-harmful-as-cigarettes-evidence-remains-pending\/#primaryimage\",\"url\":\"https:\/\/consideratepouchers.org\/wp-content\/uploads\/2025\/12\/Press-release.png\",\"contentUrl\":\"https:\/\/consideratepouchers.org\/wp-content\/uploads\/2025\/12\/Press-release.png\",\"width\":2081,\"height\":1920},{\"@type\":\"BreadcrumbList\",\"@id\":\"https:\/\/consideratepouchers.org\/eu-health-chief-says-pouches-are-as-harmful-as-cigarettes-evidence-remains-pending\/#breadcrumb\",\"itemListElement\":[{\"@type\":\"ListItem\",\"position\":1,\"name\":\"Home\",\"item\":\"https:\/\/consideratepouchers.org\/\"},{\"@type\":\"ListItem\",\"position\":2,\"name\":\"EU Health Chief Says Pouches Are \u201cAs Harmful as Cigarettes\u201d Evidence Remains Pending\"}]},{\"@type\":\"WebSite\",\"@id\":\"https:\/\/consideratepouchers.org\/#website\",\"url\":\"https:\/\/consideratepouchers.org\/\",\"name\":\"Considerate Pouchers\",\"description\":\"Improving Health &amp; Combatting Misinformation\",\"publisher\":{\"@id\":\"https:\/\/consideratepouchers.org\/#organization\"},\"potentialAction\":[{\"@type\":\"SearchAction\",\"target\":{\"@type\":\"EntryPoint\",\"urlTemplate\":\"https:\/\/consideratepouchers.org\/?s={search_term_string}\"},\"query-input\":{\"@type\":\"PropertyValueSpecification\",\"valueRequired\":true,\"valueName\":\"search_term_string\"}}],\"inLanguage\":\"cs\"},{\"@type\":\"Organization\",\"@id\":\"https:\/\/consideratepouchers.org\/#organization\",\"name\":\"Considerate Pouchers\",\"url\":\"https:\/\/consideratepouchers.org\/\",\"logo\":{\"@type\":\"ImageObject\",\"inLanguage\":\"cs\",\"@id\":\"https:\/\/consideratepouchers.org\/#\/schema\/logo\/image\/\",\"url\":\"https:\/\/consideratepouchers.com\/wp-content\/uploads\/2021\/07\/Considerate-Pouchers-lOGO.png\",\"contentUrl\":\"https:\/\/consideratepouchers.com\/wp-content\/uploads\/2021\/07\/Considerate-Pouchers-lOGO.png\",\"width\":504,\"height\":504,\"caption\":\"Considerate Pouchers\"},\"image\":{\"@id\":\"https:\/\/consideratepouchers.org\/#\/schema\/logo\/image\/\"},\"sameAs\":[\"https:\/\/www.facebook.com\/cpouchers\",\"https:\/\/x.com\/CPouchers\",\"https:\/\/www.instagram.com\/cpouchers\"]},{\"@type\":\"Person\",\"@id\":\"https:\/\/consideratepouchers.org\/#\/schema\/person\/0f5a68e74cddc0ec762ddf9ae8cb6cc8\",\"name\":\"Juan Taborcia\",\"url\":\"https:\/\/consideratepouchers.org\/cs\/author\/juan\/\"}]}<\/script>\n<!-- \/ Yoast SEO plugin. -->","yoast_head_json":{"title":"EU Health Chief Says Pouches Are \u201cAs Harmful as Cigarettes\u201d Evidence Remains Pending - Considerate Pouchers","description":"In an interview published by Euractiv, EU Health Commissioner Oliv\u00e9r V\u00e1rhelyi stated that he is \u201c100% convinced\u201d nicotine pouches are as harmful as cigarettes.","robots":{"index":"index","follow":"follow","max-snippet":"max-snippet:-1","max-image-preview":"max-image-preview:large","max-video-preview":"max-video-preview:-1"},"canonical":"https:\/\/consideratepouchers.org\/cs\/sef-zdravotnictvi-eu-rika-ze-sacky-jsou-stejne-skodlive-jako-cigarety-dukazy-zatim-nejsou-k-dispozici\/","og_locale":"cs_CZ","og_type":"article","og_title":"EU Health Chief Says Pouches Are \u201cAs Harmful as Cigarettes\u201d Evidence Remains Pending - Considerate Pouchers","og_description":"In an interview published by Euractiv, EU Health Commissioner Oliv\u00e9r V\u00e1rhelyi stated that he is \u201c100% convinced\u201d nicotine pouches are as harmful as cigarettes.","og_url":"https:\/\/consideratepouchers.org\/cs\/sef-zdravotnictvi-eu-rika-ze-sacky-jsou-stejne-skodlive-jako-cigarety-dukazy-zatim-nejsou-k-dispozici\/","og_site_name":"Considerate Pouchers","article_publisher":"https:\/\/www.facebook.com\/cpouchers","article_published_time":"2025-12-19T16:11:23+00:00","og_image":[{"width":2081,"height":1920,"url":"https:\/\/consideratepouchers.org\/wp-content\/uploads\/2025\/12\/Press-release.png","type":"image\/png"}],"author":"Juan Taborcia","twitter_card":"summary_large_image","twitter_creator":"@CPouchers","twitter_site":"@CPouchers","twitter_misc":{"Written by":"Juan Taborcia","Est. reading time":"2 minuty"},"schema":{"@context":"https:\/\/schema.org","@graph":[{"@type":"Article","@id":"https:\/\/consideratepouchers.org\/eu-health-chief-says-pouches-are-as-harmful-as-cigarettes-evidence-remains-pending\/#article","isPartOf":{"@id":"https:\/\/consideratepouchers.org\/eu-health-chief-says-pouches-are-as-harmful-as-cigarettes-evidence-remains-pending\/"},"author":{"name":"Juan Taborcia","@id":"https:\/\/consideratepouchers.org\/#\/schema\/person\/0f5a68e74cddc0ec762ddf9ae8cb6cc8"},"headline":"EU Health Chief Says Pouches Are \u201cAs Harmful as Cigarettes\u201d Evidence Remains Pending","datePublished":"2025-12-19T16:11:23+00:00","mainEntityOfPage":{"@id":"https:\/\/consideratepouchers.org\/eu-health-chief-says-pouches-are-as-harmful-as-cigarettes-evidence-remains-pending\/"},"wordCount":390,"publisher":{"@id":"https:\/\/consideratepouchers.org\/#organization"},"image":{"@id":"https:\/\/consideratepouchers.org\/eu-health-chief-says-pouches-are-as-harmful-as-cigarettes-evidence-remains-pending\/#primaryimage"},"thumbnailUrl":"https:\/\/consideratepouchers.org\/wp-content\/uploads\/2025\/12\/Press-release.png","articleSection":["Blog"],"inLanguage":"cs"},{"@type":"WebPage","@id":"https:\/\/consideratepouchers.org\/eu-health-chief-says-pouches-are-as-harmful-as-cigarettes-evidence-remains-pending\/","url":"https:\/\/consideratepouchers.org\/eu-health-chief-says-pouches-are-as-harmful-as-cigarettes-evidence-remains-pending\/","name":"EU Health Chief Says Pouches Are \u201cAs Harmful as Cigarettes\u201d Evidence Remains Pending - Considerate Pouchers","isPartOf":{"@id":"https:\/\/consideratepouchers.org\/#website"},"primaryImageOfPage":{"@id":"https:\/\/consideratepouchers.org\/eu-health-chief-says-pouches-are-as-harmful-as-cigarettes-evidence-remains-pending\/#primaryimage"},"image":{"@id":"https:\/\/consideratepouchers.org\/eu-health-chief-says-pouches-are-as-harmful-as-cigarettes-evidence-remains-pending\/#primaryimage"},"thumbnailUrl":"https:\/\/consideratepouchers.org\/wp-content\/uploads\/2025\/12\/Press-release.png","datePublished":"2025-12-19T16:11:23+00:00","description":"In an interview published by Euractiv, EU Health Commissioner Oliv\u00e9r V\u00e1rhelyi stated that he is \u201c100% convinced\u201d nicotine pouches are as harmful as cigarettes.","breadcrumb":{"@id":"https:\/\/consideratepouchers.org\/eu-health-chief-says-pouches-are-as-harmful-as-cigarettes-evidence-remains-pending\/#breadcrumb"},"inLanguage":"cs","potentialAction":[{"@type":"ReadAction","target":["https:\/\/consideratepouchers.org\/eu-health-chief-says-pouches-are-as-harmful-as-cigarettes-evidence-remains-pending\/"]}]},{"@type":"ImageObject","inLanguage":"cs","@id":"https:\/\/consideratepouchers.org\/eu-health-chief-says-pouches-are-as-harmful-as-cigarettes-evidence-remains-pending\/#primaryimage","url":"https:\/\/consideratepouchers.org\/wp-content\/uploads\/2025\/12\/Press-release.png","contentUrl":"https:\/\/consideratepouchers.org\/wp-content\/uploads\/2025\/12\/Press-release.png","width":2081,"height":1920},{"@type":"BreadcrumbList","@id":"https:\/\/consideratepouchers.org\/eu-health-chief-says-pouches-are-as-harmful-as-cigarettes-evidence-remains-pending\/#breadcrumb","itemListElement":[{"@type":"ListItem","position":1,"name":"Home","item":"https:\/\/consideratepouchers.org\/"},{"@type":"ListItem","position":2,"name":"EU Health Chief Says Pouches Are \u201cAs Harmful as Cigarettes\u201d Evidence Remains Pending"}]},{"@type":"WebSite","@id":"https:\/\/consideratepouchers.org\/#website","url":"https:\/\/consideratepouchers.org\/","name":"Considerate Pouchers","description":"Improving Health &amp; Combatting Misinformation","publisher":{"@id":"https:\/\/consideratepouchers.org\/#organization"},"potentialAction":[{"@type":"SearchAction","target":{"@type":"EntryPoint","urlTemplate":"https:\/\/consideratepouchers.org\/?s={search_term_string}"},"query-input":{"@type":"PropertyValueSpecification","valueRequired":true,"valueName":"search_term_string"}}],"inLanguage":"cs"},{"@type":"Organization","@id":"https:\/\/consideratepouchers.org\/#organization","name":"Considerate Pouchers","url":"https:\/\/consideratepouchers.org\/","logo":{"@type":"ImageObject","inLanguage":"cs","@id":"https:\/\/consideratepouchers.org\/#\/schema\/logo\/image\/","url":"https:\/\/consideratepouchers.com\/wp-content\/uploads\/2021\/07\/Considerate-Pouchers-lOGO.png","contentUrl":"https:\/\/consideratepouchers.com\/wp-content\/uploads\/2021\/07\/Considerate-Pouchers-lOGO.png","width":504,"height":504,"caption":"Considerate Pouchers"},"image":{"@id":"https:\/\/consideratepouchers.org\/#\/schema\/logo\/image\/"},"sameAs":["https:\/\/www.facebook.com\/cpouchers","https:\/\/x.com\/CPouchers","https:\/\/www.instagram.com\/cpouchers"]},{"@type":"Person","@id":"https:\/\/consideratepouchers.org\/#\/schema\/person\/0f5a68e74cddc0ec762ddf9ae8cb6cc8","name":"Juan Taborcia","url":"https:\/\/consideratepouchers.org\/cs\/author\/juan\/"}]}},"jetpack_featured_media_url":"https:\/\/consideratepouchers.org\/wp-content\/uploads\/2025\/12\/Press-release.png","_links":{"self":[{"href":"https:\/\/consideratepouchers.org\/cs\/wp-json\/wp\/v2\/posts\/3694","targetHints":{"allow":["GET"]}}],"collection":[{"href":"https:\/\/consideratepouchers.org\/cs\/wp-json\/wp\/v2\/posts"}],"about":[{"href":"https:\/\/consideratepouchers.org\/cs\/wp-json\/wp\/v2\/types\/post"}],"author":[{"embeddable":true,"href":"https:\/\/consideratepouchers.org\/cs\/wp-json\/wp\/v2\/users\/13"}],"replies":[{"embeddable":true,"href":"https:\/\/consideratepouchers.org\/cs\/wp-json\/wp\/v2\/comments?post=3694"}],"version-history":[{"count":0,"href":"https:\/\/consideratepouchers.org\/cs\/wp-json\/wp\/v2\/posts\/3694\/revisions"}],"wp:featuredmedia":[{"embeddable":true,"href":"https:\/\/consideratepouchers.org\/cs\/wp-json\/wp\/v2\/media\/3693"}],"wp:attachment":[{"href":"https:\/\/consideratepouchers.org\/cs\/wp-json\/wp\/v2\/media?parent=3694"}],"wp:term":[{"taxonomy":"category","embeddable":true,"href":"https:\/\/consideratepouchers.org\/cs\/wp-json\/wp\/v2\/categories?post=3694"},{"taxonomy":"post_tag","embeddable":true,"href":"https:\/\/consideratepouchers.org\/cs\/wp-json\/wp\/v2\/tags?post=3694"}],"curies":[{"name":"wp","href":"https:\/\/api.w.org\/{rel}","templated":true}]}}