{"id":3735,"date":"2026-04-02T10:32:16","date_gmt":"2026-04-02T10:32:16","guid":{"rendered":"https:\/\/consideratepouchers.org\/?p=3735"},"modified":"2026-04-02T10:35:27","modified_gmt":"2026-04-02T10:35:27","slug":"schwedische-europaparlamentarier-gehen-auf-die-barrikaden-pouches-in-frankreich","status":"publish","type":"post","link":"https:\/\/consideratepouchers.org\/cs\/schwedische-europaparlamentarier-gehen-auf-die-barrikaden-pouches-in-frankreich\/","title":{"rendered":"Schwedische Europaparlamentarier gehen auf die Barrikaden: Pouches in Frankreich"},"content":{"rendered":"<p>Seit dem <a href=\"https:\/\/www.legifrance.gouv.fr\/codes\/id\/LEGIARTI000052208738\/2026-04-01\">1. April 2026<\/a> gilt in Frankreich ein Verbot f\u00fcr Nikotin Pouches. In der seit diesem Datum geltenden Fassung des <a href=\"https:\/\/www.legifrance.gouv.fr\/codes\/id\/LEGIARTI000052208738\/2026-04-01\">Code de la sant\u00e9 publique<\/a> hei\u00dft es ausdr\u00fccklich, dass Produktion, Herstellung, Transport, Import, Export, Besitz, Erwerb, Weitergabe und Nutzung solcher Produkte im franz\u00f6sischen Staatsgebiet untersagt sind. Grundlage daf\u00fcr ist das <a href=\"https:\/\/www.legifrance.gouv.fr\/jorf\/id\/JORFTEXT000052197959\">D\u00e9cret n\u00b0 2025-898 vom 5. September 2025<\/a>, dessen Inkrafttreten im <a href=\"https:\/\/www.legifrance.gouv.fr\/jorf\/article_jo\/JORFARTI000052197975\">Artikel 3<\/a> auf den ersten Tag des siebten Monats nach Ver\u00f6ffentlichung festgelegt wurde.<\/p>\n\n\n\n<p>Politisch brisant wurde das Thema jetzt durch einen <a href=\"https:\/\/clearingtheair.eu\/en\/post\/plainly-absurd-and-wholly-unacceptable-swedish-socialists-demand-strasbourg-travel-ban\/\">Bericht von Clearing the Air<\/a>. Darin wird beschrieben, dass alle f\u00fcnf schwedischen Mitglieder der sozialdemokratischen Fraktion im Europ\u00e4ischen Parlament Pr\u00e4sidentin Roberta Metsola aufgefordert haben, die Stra\u00dfburger Sitzungen auszusetzen, falls Frankreich an einer Regelung festh\u00e4lt, durch die Reisende wegen Nikotin pouches unverh\u00e4ltnism\u00e4\u00dfige Sanktionen riskieren k\u00f6nnten. Das vom Medium ver\u00f6ffentlichte <a href=\"https:\/\/drive.google.com\/file\/d\/1rlpy44GM4wzOYnzxCUwl34px3SvTNiD4\/view?usp=sharing\">Schreiben an Roberta Metsola<\/a> spricht in diesem Zusammenhang von einer \u201eplainly absurd and wholly unacceptable\u201c Situation.<\/p>\n\n\n\n<p>Warum das europ\u00e4isch relevant ist, liegt auf der Hand: Laut <a href=\"https:\/\/www.europarl.europa.eu\/plenary\/en\/home.html\">offizieller Plenar-Seite des Europ\u00e4ischen Parlaments<\/a> tagen die <a href=\"https:\/\/www.europarl.europa.eu\/about-parliament\/en\/organisation-and-rules\/how-plenary-works\">720 Mitglieder<\/a> in den Kammern in Stra\u00dfburg und Br\u00fcssel. Zugleich verweist ein <a href=\"https:\/\/www.europarl.europa.eu\/doceo\/document\/A-9-2024-0067_EN.pdf\">aktueller Bericht des Europ\u00e4ischen Parlaments<\/a> auf die Sch\u00e4tzung, dass ein Ende des regelm\u00e4\u00dfigen Umzugs zwischen Stra\u00dfburg und Br\u00fcssel j\u00e4hrliche Einsparungen von 114 Millionen Euro bringen k\u00f6nnte \u2013 plus 616 Millionen Euro Einmaleffekt, wenn die Stra\u00dfburger Geb\u00e4ude erfolgreich ver\u00e4u\u00dfert w\u00fcrden.<\/p>\n\n\n\n<p>F\u00fcr Considerate Pouchers Deutschland zeigt dieser Fall vor allem eines: Die Debatte \u00fcber Nikotin Pouches ist l\u00e4ngst keine rein nationale Frage mehr. Wenn ein in anderen Mitgliedstaaten legales Produkt beim Grenz\u00fcbertritt pl\u00f6tzlich zum strafrechtlichen Risiko wird, betrifft das nicht nur Konsumentinnen und Konsumenten. Es ber\u00fchrt auch die europ\u00e4ische Freiz\u00fcgigkeit, die Rechtssicherheit im Binnenmarkt und die Glaubw\u00fcrdigkeit einer Regulierung, die eigentlich verh\u00e4ltnism\u00e4\u00dfig und faktenbasiert sein sollte.<\/p>\n\n\n\n<p>Gerade deshalb braucht Europa keine reflexhaften Maximalverbote, sondern Regeln mit Augenma\u00df: konsequenten Jugendschutz, transparente Produktstandards, ehrliche Verbraucherinformation und eine politische Debatte, die zwischen Rauchen und rauchfreien Nikotinprodukten differenziert. Wer stattdessen auf Kriminalisierung setzt, verschiebt das Problem \u2013 und riskiert, dass Verbraucherschutz mit Symbolpolitik verwechselt wird.<\/p>","protected":false},"excerpt":{"rendered":"<p>Seit dem 1. April 2026 gilt in Frankreich ein Verbot f\u00fcr Nikotin Pouches. In der seit diesem Datum geltenden Fassung des Code de la sant\u00e9 publique hei\u00dft es ausdr\u00fccklich, dass Produktion, Herstellung, Transport, Import, Export, Besitz, Erwerb, Weitergabe und Nutzung solcher Produkte im franz\u00f6sischen Staatsgebiet untersagt sind. Grundlage daf\u00fcr ist das D\u00e9cret n\u00b0 2025-898 vom [&hellip;]<\/p>","protected":false},"author":11,"featured_media":3734,"comment_status":"closed","ping_status":"open","sticky":false,"template":"","format":"standard","meta":{"footnotes":""},"categories":[9],"tags":[],"class_list":["post-3735","post","type-post","status-publish","format-standard","has-post-thumbnail","hentry","category-blog"],"yoast_head":"<!-- This site is optimized with the Yoast SEO plugin v25.0 - https:\/\/yoast.com\/wordpress\/plugins\/seo\/ -->\n<title>Schwedische Europaparlamentarier gehen auf die Barrikaden: Pouches in Frankreich - Considerate Pouchers<\/title>\n<meta name=\"description\" content=\"Frankreich: Verbot von Nikotinbeuteln seit dem 1. April 2026 \u2013 Herstellung, Verkauf, Besitz und Nutzung untersagt.\" \/>\n<meta name=\"robots\" content=\"index, follow, max-snippet:-1, max-image-preview:large, max-video-preview:-1\" \/>\n<link rel=\"canonical\" href=\"https:\/\/consideratepouchers.org\/cs\/schwedische-europaparlamentarier-gehen-auf-die-barrikaden-pouches-in-frankreich\/\" \/>\n<meta property=\"og:locale\" content=\"cs_CZ\" \/>\n<meta property=\"og:type\" content=\"article\" \/>\n<meta property=\"og:title\" content=\"Schwedische Europaparlamentarier gehen auf die Barrikaden: Pouches in Frankreich - Considerate Pouchers\" \/>\n<meta property=\"og:description\" content=\"Frankreich: Verbot von Nikotinbeuteln seit dem 1. April 2026 \u2013 Herstellung, Verkauf, Besitz und Nutzung untersagt.\" \/>\n<meta property=\"og:url\" content=\"https:\/\/consideratepouchers.org\/cs\/schwedische-europaparlamentarier-gehen-auf-die-barrikaden-pouches-in-frankreich\/\" \/>\n<meta property=\"og:site_name\" content=\"Considerate Pouchers\" \/>\n<meta property=\"article:publisher\" content=\"https:\/\/www.facebook.com\/cpouchers\" \/>\n<meta property=\"article:published_time\" content=\"2026-04-02T10:32:16+00:00\" \/>\n<meta property=\"article:modified_time\" content=\"2026-04-02T10:35:27+00:00\" \/>\n<meta property=\"og:image\" content=\"https:\/\/consideratepouchers.org\/wp-content\/uploads\/2026\/04\/Pouch-ban-image.jpg\" \/>\n\t<meta property=\"og:image:width\" content=\"2081\" \/>\n\t<meta property=\"og:image:height\" content=\"1920\" \/>\n\t<meta property=\"og:image:type\" content=\"image\/jpeg\" \/>\n<meta name=\"author\" content=\"Considerate Pouchers\" \/>\n<meta name=\"twitter:card\" content=\"summary_large_image\" \/>\n<meta name=\"twitter:creator\" content=\"@CPouchers\" \/>\n<meta name=\"twitter:site\" content=\"@CPouchers\" \/>\n<meta name=\"twitter:label1\" content=\"Written by\" \/>\n\t<meta name=\"twitter:data1\" content=\"Considerate Pouchers\" \/>\n\t<meta name=\"twitter:label2\" content=\"Est. reading time\" \/>\n\t<meta name=\"twitter:data2\" content=\"2 minuty\" \/>\n<script type=\"application\/ld+json\" class=\"yoast-schema-graph\">{\"@context\":\"https:\/\/schema.org\",\"@graph\":[{\"@type\":\"Article\",\"@id\":\"https:\/\/consideratepouchers.org\/schwedische-europaparlamentarier-gehen-auf-die-barrikaden-pouches-in-frankreich\/#article\",\"isPartOf\":{\"@id\":\"https:\/\/consideratepouchers.org\/schwedische-europaparlamentarier-gehen-auf-die-barrikaden-pouches-in-frankreich\/\"},\"author\":{\"name\":\"Considerate Pouchers\",\"@id\":\"https:\/\/consideratepouchers.org\/#\/schema\/person\/37761c96f91c510a2ff593c27738adc7\"},\"headline\":\"Schwedische Europaparlamentarier gehen auf die Barrikaden: Pouches in Frankreich\",\"datePublished\":\"2026-04-02T10:32:16+00:00\",\"dateModified\":\"2026-04-02T10:35:27+00:00\",\"mainEntityOfPage\":{\"@id\":\"https:\/\/consideratepouchers.org\/schwedische-europaparlamentarier-gehen-auf-die-barrikaden-pouches-in-frankreich\/\"},\"wordCount\":365,\"publisher\":{\"@id\":\"https:\/\/consideratepouchers.org\/#organization\"},\"image\":{\"@id\":\"https:\/\/consideratepouchers.org\/schwedische-europaparlamentarier-gehen-auf-die-barrikaden-pouches-in-frankreich\/#primaryimage\"},\"thumbnailUrl\":\"https:\/\/consideratepouchers.org\/wp-content\/uploads\/2026\/04\/Pouch-ban-image.jpg\",\"articleSection\":[\"Blog\"],\"inLanguage\":\"cs\"},{\"@type\":\"WebPage\",\"@id\":\"https:\/\/consideratepouchers.org\/schwedische-europaparlamentarier-gehen-auf-die-barrikaden-pouches-in-frankreich\/\",\"url\":\"https:\/\/consideratepouchers.org\/schwedische-europaparlamentarier-gehen-auf-die-barrikaden-pouches-in-frankreich\/\",\"name\":\"Schwedische Europaparlamentarier gehen auf die Barrikaden: Pouches in Frankreich - Considerate Pouchers\",\"isPartOf\":{\"@id\":\"https:\/\/consideratepouchers.org\/#website\"},\"primaryImageOfPage\":{\"@id\":\"https:\/\/consideratepouchers.org\/schwedische-europaparlamentarier-gehen-auf-die-barrikaden-pouches-in-frankreich\/#primaryimage\"},\"image\":{\"@id\":\"https:\/\/consideratepouchers.org\/schwedische-europaparlamentarier-gehen-auf-die-barrikaden-pouches-in-frankreich\/#primaryimage\"},\"thumbnailUrl\":\"https:\/\/consideratepouchers.org\/wp-content\/uploads\/2026\/04\/Pouch-ban-image.jpg\",\"datePublished\":\"2026-04-02T10:32:16+00:00\",\"dateModified\":\"2026-04-02T10:35:27+00:00\",\"description\":\"Frankreich: Verbot von Nikotinbeuteln seit dem 1. April 2026 \u2013 Herstellung, Verkauf, Besitz und Nutzung untersagt.\",\"breadcrumb\":{\"@id\":\"https:\/\/consideratepouchers.org\/schwedische-europaparlamentarier-gehen-auf-die-barrikaden-pouches-in-frankreich\/#breadcrumb\"},\"inLanguage\":\"cs\",\"potentialAction\":[{\"@type\":\"ReadAction\",\"target\":[\"https:\/\/consideratepouchers.org\/schwedische-europaparlamentarier-gehen-auf-die-barrikaden-pouches-in-frankreich\/\"]}]},{\"@type\":\"ImageObject\",\"inLanguage\":\"cs\",\"@id\":\"https:\/\/consideratepouchers.org\/schwedische-europaparlamentarier-gehen-auf-die-barrikaden-pouches-in-frankreich\/#primaryimage\",\"url\":\"https:\/\/consideratepouchers.org\/wp-content\/uploads\/2026\/04\/Pouch-ban-image.jpg\",\"contentUrl\":\"https:\/\/consideratepouchers.org\/wp-content\/uploads\/2026\/04\/Pouch-ban-image.jpg\",\"width\":2081,\"height\":1920},{\"@type\":\"BreadcrumbList\",\"@id\":\"https:\/\/consideratepouchers.org\/schwedische-europaparlamentarier-gehen-auf-die-barrikaden-pouches-in-frankreich\/#breadcrumb\",\"itemListElement\":[{\"@type\":\"ListItem\",\"position\":1,\"name\":\"Home\",\"item\":\"https:\/\/consideratepouchers.org\/\"},{\"@type\":\"ListItem\",\"position\":2,\"name\":\"Schwedische Europaparlamentarier gehen auf die Barrikaden: Pouches in Frankreich\"}]},{\"@type\":\"WebSite\",\"@id\":\"https:\/\/consideratepouchers.org\/#website\",\"url\":\"https:\/\/consideratepouchers.org\/\",\"name\":\"Considerate Pouchers\",\"description\":\"Improving Health &amp; Combatting Misinformation\",\"publisher\":{\"@id\":\"https:\/\/consideratepouchers.org\/#organization\"},\"potentialAction\":[{\"@type\":\"SearchAction\",\"target\":{\"@type\":\"EntryPoint\",\"urlTemplate\":\"https:\/\/consideratepouchers.org\/?s={search_term_string}\"},\"query-input\":{\"@type\":\"PropertyValueSpecification\",\"valueRequired\":true,\"valueName\":\"search_term_string\"}}],\"inLanguage\":\"cs\"},{\"@type\":\"Organization\",\"@id\":\"https:\/\/consideratepouchers.org\/#organization\",\"name\":\"Considerate Pouchers\",\"url\":\"https:\/\/consideratepouchers.org\/\",\"logo\":{\"@type\":\"ImageObject\",\"inLanguage\":\"cs\",\"@id\":\"https:\/\/consideratepouchers.org\/#\/schema\/logo\/image\/\",\"url\":\"https:\/\/consideratepouchers.com\/wp-content\/uploads\/2021\/07\/Considerate-Pouchers-lOGO.png\",\"contentUrl\":\"https:\/\/consideratepouchers.com\/wp-content\/uploads\/2021\/07\/Considerate-Pouchers-lOGO.png\",\"width\":504,\"height\":504,\"caption\":\"Considerate Pouchers\"},\"image\":{\"@id\":\"https:\/\/consideratepouchers.org\/#\/schema\/logo\/image\/\"},\"sameAs\":[\"https:\/\/www.facebook.com\/cpouchers\",\"https:\/\/x.com\/CPouchers\",\"https:\/\/www.instagram.com\/cpouchers\"]},{\"@type\":\"Person\",\"@id\":\"https:\/\/consideratepouchers.org\/#\/schema\/person\/37761c96f91c510a2ff593c27738adc7\",\"name\":\"Considerate Pouchers\",\"url\":\"https:\/\/consideratepouchers.org\/cs\/author\/consideratepouchers\/\"}]}<\/script>\n<!-- \/ Yoast SEO plugin. -->","yoast_head_json":{"title":"Schwedische Europaparlamentarier gehen auf die Barrikaden: Pouches in Frankreich - Considerate Pouchers","description":"Frankreich: Verbot von Nikotinbeuteln seit dem 1. April 2026 \u2013 Herstellung, Verkauf, Besitz und Nutzung untersagt.","robots":{"index":"index","follow":"follow","max-snippet":"max-snippet:-1","max-image-preview":"max-image-preview:large","max-video-preview":"max-video-preview:-1"},"canonical":"https:\/\/consideratepouchers.org\/cs\/schwedische-europaparlamentarier-gehen-auf-die-barrikaden-pouches-in-frankreich\/","og_locale":"cs_CZ","og_type":"article","og_title":"Schwedische Europaparlamentarier gehen auf die Barrikaden: Pouches in Frankreich - Considerate Pouchers","og_description":"Frankreich: Verbot von Nikotinbeuteln seit dem 1. April 2026 \u2013 Herstellung, Verkauf, Besitz und Nutzung untersagt.","og_url":"https:\/\/consideratepouchers.org\/cs\/schwedische-europaparlamentarier-gehen-auf-die-barrikaden-pouches-in-frankreich\/","og_site_name":"Considerate Pouchers","article_publisher":"https:\/\/www.facebook.com\/cpouchers","article_published_time":"2026-04-02T10:32:16+00:00","article_modified_time":"2026-04-02T10:35:27+00:00","og_image":[{"width":2081,"height":1920,"url":"https:\/\/consideratepouchers.org\/wp-content\/uploads\/2026\/04\/Pouch-ban-image.jpg","type":"image\/jpeg"}],"author":"Considerate Pouchers","twitter_card":"summary_large_image","twitter_creator":"@CPouchers","twitter_site":"@CPouchers","twitter_misc":{"Written by":"Considerate Pouchers","Est. reading time":"2 minuty"},"schema":{"@context":"https:\/\/schema.org","@graph":[{"@type":"Article","@id":"https:\/\/consideratepouchers.org\/schwedische-europaparlamentarier-gehen-auf-die-barrikaden-pouches-in-frankreich\/#article","isPartOf":{"@id":"https:\/\/consideratepouchers.org\/schwedische-europaparlamentarier-gehen-auf-die-barrikaden-pouches-in-frankreich\/"},"author":{"name":"Considerate Pouchers","@id":"https:\/\/consideratepouchers.org\/#\/schema\/person\/37761c96f91c510a2ff593c27738adc7"},"headline":"Schwedische Europaparlamentarier gehen auf die Barrikaden: Pouches in Frankreich","datePublished":"2026-04-02T10:32:16+00:00","dateModified":"2026-04-02T10:35:27+00:00","mainEntityOfPage":{"@id":"https:\/\/consideratepouchers.org\/schwedische-europaparlamentarier-gehen-auf-die-barrikaden-pouches-in-frankreich\/"},"wordCount":365,"publisher":{"@id":"https:\/\/consideratepouchers.org\/#organization"},"image":{"@id":"https:\/\/consideratepouchers.org\/schwedische-europaparlamentarier-gehen-auf-die-barrikaden-pouches-in-frankreich\/#primaryimage"},"thumbnailUrl":"https:\/\/consideratepouchers.org\/wp-content\/uploads\/2026\/04\/Pouch-ban-image.jpg","articleSection":["Blog"],"inLanguage":"cs"},{"@type":"WebPage","@id":"https:\/\/consideratepouchers.org\/schwedische-europaparlamentarier-gehen-auf-die-barrikaden-pouches-in-frankreich\/","url":"https:\/\/consideratepouchers.org\/schwedische-europaparlamentarier-gehen-auf-die-barrikaden-pouches-in-frankreich\/","name":"Schwedische Europaparlamentarier gehen auf die Barrikaden: Pouches in Frankreich - Considerate Pouchers","isPartOf":{"@id":"https:\/\/consideratepouchers.org\/#website"},"primaryImageOfPage":{"@id":"https:\/\/consideratepouchers.org\/schwedische-europaparlamentarier-gehen-auf-die-barrikaden-pouches-in-frankreich\/#primaryimage"},"image":{"@id":"https:\/\/consideratepouchers.org\/schwedische-europaparlamentarier-gehen-auf-die-barrikaden-pouches-in-frankreich\/#primaryimage"},"thumbnailUrl":"https:\/\/consideratepouchers.org\/wp-content\/uploads\/2026\/04\/Pouch-ban-image.jpg","datePublished":"2026-04-02T10:32:16+00:00","dateModified":"2026-04-02T10:35:27+00:00","description":"Frankreich: Verbot von Nikotinbeuteln seit dem 1. April 2026 \u2013 Herstellung, Verkauf, Besitz und Nutzung untersagt.","breadcrumb":{"@id":"https:\/\/consideratepouchers.org\/schwedische-europaparlamentarier-gehen-auf-die-barrikaden-pouches-in-frankreich\/#breadcrumb"},"inLanguage":"cs","potentialAction":[{"@type":"ReadAction","target":["https:\/\/consideratepouchers.org\/schwedische-europaparlamentarier-gehen-auf-die-barrikaden-pouches-in-frankreich\/"]}]},{"@type":"ImageObject","inLanguage":"cs","@id":"https:\/\/consideratepouchers.org\/schwedische-europaparlamentarier-gehen-auf-die-barrikaden-pouches-in-frankreich\/#primaryimage","url":"https:\/\/consideratepouchers.org\/wp-content\/uploads\/2026\/04\/Pouch-ban-image.jpg","contentUrl":"https:\/\/consideratepouchers.org\/wp-content\/uploads\/2026\/04\/Pouch-ban-image.jpg","width":2081,"height":1920},{"@type":"BreadcrumbList","@id":"https:\/\/consideratepouchers.org\/schwedische-europaparlamentarier-gehen-auf-die-barrikaden-pouches-in-frankreich\/#breadcrumb","itemListElement":[{"@type":"ListItem","position":1,"name":"Home","item":"https:\/\/consideratepouchers.org\/"},{"@type":"ListItem","position":2,"name":"Schwedische Europaparlamentarier gehen auf die Barrikaden: Pouches in Frankreich"}]},{"@type":"WebSite","@id":"https:\/\/consideratepouchers.org\/#website","url":"https:\/\/consideratepouchers.org\/","name":"Considerate Pouchers","description":"Improving Health &amp; Combatting Misinformation","publisher":{"@id":"https:\/\/consideratepouchers.org\/#organization"},"potentialAction":[{"@type":"SearchAction","target":{"@type":"EntryPoint","urlTemplate":"https:\/\/consideratepouchers.org\/?s={search_term_string}"},"query-input":{"@type":"PropertyValueSpecification","valueRequired":true,"valueName":"search_term_string"}}],"inLanguage":"cs"},{"@type":"Organization","@id":"https:\/\/consideratepouchers.org\/#organization","name":"Considerate Pouchers","url":"https:\/\/consideratepouchers.org\/","logo":{"@type":"ImageObject","inLanguage":"cs","@id":"https:\/\/consideratepouchers.org\/#\/schema\/logo\/image\/","url":"https:\/\/consideratepouchers.com\/wp-content\/uploads\/2021\/07\/Considerate-Pouchers-lOGO.png","contentUrl":"https:\/\/consideratepouchers.com\/wp-content\/uploads\/2021\/07\/Considerate-Pouchers-lOGO.png","width":504,"height":504,"caption":"Considerate Pouchers"},"image":{"@id":"https:\/\/consideratepouchers.org\/#\/schema\/logo\/image\/"},"sameAs":["https:\/\/www.facebook.com\/cpouchers","https:\/\/x.com\/CPouchers","https:\/\/www.instagram.com\/cpouchers"]},{"@type":"Person","@id":"https:\/\/consideratepouchers.org\/#\/schema\/person\/37761c96f91c510a2ff593c27738adc7","name":"Considerate Pouchers","url":"https:\/\/consideratepouchers.org\/cs\/author\/consideratepouchers\/"}]}},"jetpack_featured_media_url":"https:\/\/consideratepouchers.org\/wp-content\/uploads\/2026\/04\/Pouch-ban-image.jpg","_links":{"self":[{"href":"https:\/\/consideratepouchers.org\/cs\/wp-json\/wp\/v2\/posts\/3735","targetHints":{"allow":["GET"]}}],"collection":[{"href":"https:\/\/consideratepouchers.org\/cs\/wp-json\/wp\/v2\/posts"}],"about":[{"href":"https:\/\/consideratepouchers.org\/cs\/wp-json\/wp\/v2\/types\/post"}],"author":[{"embeddable":true,"href":"https:\/\/consideratepouchers.org\/cs\/wp-json\/wp\/v2\/users\/11"}],"replies":[{"embeddable":true,"href":"https:\/\/consideratepouchers.org\/cs\/wp-json\/wp\/v2\/comments?post=3735"}],"version-history":[{"count":0,"href":"https:\/\/consideratepouchers.org\/cs\/wp-json\/wp\/v2\/posts\/3735\/revisions"}],"wp:featuredmedia":[{"embeddable":true,"href":"https:\/\/consideratepouchers.org\/cs\/wp-json\/wp\/v2\/media\/3734"}],"wp:attachment":[{"href":"https:\/\/consideratepouchers.org\/cs\/wp-json\/wp\/v2\/media?parent=3735"}],"wp:term":[{"taxonomy":"category","embeddable":true,"href":"https:\/\/consideratepouchers.org\/cs\/wp-json\/wp\/v2\/categories?post=3735"},{"taxonomy":"post_tag","embeddable":true,"href":"https:\/\/consideratepouchers.org\/cs\/wp-json\/wp\/v2\/tags?post=3735"}],"curies":[{"name":"wp","href":"https:\/\/api.w.org\/{rel}","templated":true}]}}