{"id":3679,"date":"2025-11-27T06:41:03","date_gmt":"2025-11-27T06:41:03","guid":{"rendered":"https:\/\/consideratepouchers.org\/?p=3679"},"modified":"2025-11-27T06:43:14","modified_gmt":"2025-11-27T06:43:14","slug":"swedens-youth-data-what-sfp-didnt-tell-the-european-parliament","status":"publish","type":"post","link":"https:\/\/consideratepouchers.org\/es\/datos-sobre-la-juventud-sueca-lo-que-la-sfp-no-comunico-al-parlamento-europeo\/","title":{"rendered":"Datos de la juventud sueca: lo que la SFP no inform\u00f3 al Parlamento Europeo"},"content":{"rendered":"<p>La semana pasada, en Bruselas, la Asociaci\u00f3n Libre de Humo (SFP) present\u00f3 cifras alarmantes sobre el consumo de bolsas de nicotina por parte de menores en Suecia. Solo hab\u00eda un problema: las cifras eran err\u00f3neas. O, m\u00e1s precisamente, se presentaron de forma sumamente enga\u00f1osa.<\/p>\n\n\n\n<p>Y cuando una organizaci\u00f3n que recibe financiaci\u00f3n parcial de la Comisi\u00f3n Europea testifica ante el Parlamento Europeo, lo m\u00ednimo que merecen los ciudadanos es veracidad. Analicemos lo que realmente ocurri\u00f3.<\/p>\n\n\n\n<h5 class=\"wp-block-heading\">La afirmaci\u00f3n: \u201cEl 291% de los j\u00f3venes de 17 a\u00f1os en Suecia consumen productos orales de nicotina\u201d.<\/h5>\n\n\n\n<p>Este fue el n\u00famero principal <a href=\"https:\/\/www.europarl.europa.eu\/cmsdata\/300343\/Gijs%20van%20Wijk%20-%20Statement.pdf\">La SFP lo present\u00f3 en sus diapositivas a los parlamentarios europeos.<\/a> S\u00ed, la cifra del 29 por ciento aparece en la encuesta escolar nacional sueca titulada CAN-rapport 230 de 2024. Pero esto es lo que la SFP no mencion\u00f3.<\/p>\n\n\n\n<h5 class=\"wp-block-heading\">Los \u201cj\u00f3venes de 17 a\u00f1os\u201d de la encuesta no son todos menores de edad<\/h5>\n\n\n\n<p>La encuesta abarca a estudiantes de segundo a\u00f1o de secundaria superior. En Suecia, muchos de estos estudiantes cumplen 18 a\u00f1os durante ese a\u00f1o escolar.<\/p>\n\n\n\n<p>Basado en la distribuci\u00f3n por edades en el <a href=\"https:\/\/www.can.se\/app\/uploads\/2024\/11\/can-rapport-230-cans-nationella-skolundersokning-2024.pdf\">Informe CAN<\/a> y seg\u00fan los patrones demogr\u00e1ficos nacionales, alrededor del 20 por ciento de estos estudiantes ya tienen 18 a\u00f1os cuando se realiza la encuesta.<\/p>\n\n\n\n<p>Esto significa que:<\/p>\n\n\n\n<p><strong>La cifra real de usuarios menores de edad no es del 29 %. Es aproximadamente del 23 %.<\/strong><\/p>\n\n\n\n<p>Se trata de un panorama muy diferente del que se presenta a los responsables pol\u00edticos.<\/p>\n\n\n\n<h5 class=\"wp-block-heading\">La SFP enmarc\u00f3 la cifra como &quot;uso actual&quot;. El informe no utiliza esa categor\u00eda.<\/h5>\n\n\n\n<p>En el informe de la CAN, la cifra del 29 por ciento proviene de una categor\u00eda combinada que incluye:<\/p>\n\n\n\n<ul class=\"wp-block-list\">\n<li>21 por ciento de uso diario<br><\/li>\n\n\n\n<li>8 por ciento de uso ocasional, como en fiestas o al probar un producto una vez<br><\/li>\n<\/ul>\n\n\n\n<p><\/p>\n\n\n\n<p>SFP fusion\u00f3 ambos y los present\u00f3 como &quot;uso actual&quot;, lo que implica un consumo regular. Los datos reales presentan una visi\u00f3n m\u00e1s matizada. El uso diario es significativamente menor y la experimentaci\u00f3n ocasional distorsiona la cifra total.<\/p>\n\n\n\n<p>La tergiversaci\u00f3n de las categor\u00edas no es un problema menor. Afecta directamente las decisiones pol\u00edticas.<\/p>\n\n\n\n<h5 class=\"wp-block-heading\">El mismo informe reconoce que el snus tiene un riesgo menor que fumar.<\/h5>\n\n\n\n<p>La SFP omiti\u00f3 este dato. En la p\u00e1gina 23 del informe de la CAN, los autores afirman que el snus, el producto oral de nicotina tradicional de Suecia, presenta: \u00abGeneralmente, menores riesgos para la salud que fumar\u00bb.<\/p>\n\n\n\n<p>Esto es importante porque la audiencia del Parlamento Europeo se centr\u00f3 en el da\u00f1o total de la nicotina m\u00e1s que en el riesgo relativo.<\/p>\n\n\n\n<p>Si se utilizan datos suecos en un debate pol\u00edtico, no se deben ignorar las conclusiones sobre la salud p\u00fablica sueca.<\/p>\n\n\n\n<h5 class=\"wp-block-heading\">Por qu\u00e9 esto es importante: financiaci\u00f3n, credibilidad y rendici\u00f3n de cuentas<\/h5>\n\n\n\n<p>El SFP recibe financiaci\u00f3n parcial de la Comisi\u00f3n Europea. Posteriormente, presenta datos ante el Parlamento Europeo de una forma que distorsiona la realidad de la salud p\u00fablica sueca.<\/p>\n\n\n\n<p>Esto ocurre a pesar de que Suecia tiene:<\/p>\n\n\n\n<ul class=\"wp-block-list\">\n<li>una prevalencia del tabaquismo del 5,3 por ciento, la m\u00e1s baja de la UE<br><\/li>\n\n\n\n<li>Un 44 por ciento menos de muertes relacionadas con el tabaco que la media de la UE<br><\/li>\n<\/ul>\n\n\n\n<p><\/p>\n\n\n\n<p>Esto no solo es enga\u00f1oso, sino que tambi\u00e9n socava el progreso en la reducci\u00f3n de da\u00f1os. Si Europa quiere resultados similares a los de Suecia, necesita hechos, no... <a href=\"https:\/\/www.europarl.europa.eu\/cmsdata\/300344\/Gijs%20van%20Wijk%20-%20PowerPoint%20Presentation.pdf\">presentaciones basadas en el miedo.<\/a><\/p>\n\n\n\n<h5 class=\"wp-block-heading\">El \u00e9xito de Suecia merece honestidad<\/h5>\n\n\n\n<p>Suecia est\u00e1 en camino de convertirse en el primer pa\u00eds libre de humo de la UE.<\/p>\n\n\n\n<p>Las razones son claras:<\/p>\n\n\n\n<ul class=\"wp-block-list\">\n<li>Acceso legal a alternativas orales de nicotina m\u00e1s seguras<br><\/li>\n\n\n\n<li>elecci\u00f3n informada de un adulto<br><\/li>\n\n\n\n<li>aceptaci\u00f3n cultural de la reducci\u00f3n de da\u00f1os<br><\/li>\n\n\n\n<li>comunicaci\u00f3n transparente sobre el riesgo relativo<br><\/li>\n<\/ul>\n\n\n\n<p><\/p>\n\n\n\n<p>Esta combinaci\u00f3n explica por qu\u00e9 las tasas de tabaquismo en Suecia se han desplomado, incluso entre los j\u00f3venes. Suecia deber\u00eda considerarse un caso de \u00e9xito, no una advertencia.<\/p>\n\n\n\n<h2 class=\"wp-block-heading\">Lo que Europa necesita ahora: evidencias, no exageraciones<\/h2>\n\n\n\n<p>Los datos precisos sobre la juventud son importantes. El contexto importa. Exagerar las estad\u00edsticas puede generar titulares impactantes, pero no mejora las pol\u00edticas.<\/p>\n\n\n\n<p>Europa necesita:<\/p>\n\n\n\n<ul class=\"wp-block-list\">\n<li>Presentaciones precisas de organizaciones financiadas por los contribuyentes<br><\/li>\n\n\n\n<li>clara separaci\u00f3n entre estad\u00edsticas de menores y adultos<br><\/li>\n\n\n\n<li>distinci\u00f3n adecuada entre uso diario y ocasional<br><\/li>\n\n\n\n<li>Reconocimiento del \u00e9xito demostrado de Suecia en la reducci\u00f3n de da\u00f1os<br><\/li>\n<\/ul>\n\n\n\n<p><\/p>\n\n\n\n<p>En Considerate Pouchers, creemos que la pol\u00edtica sobre la nicotina debe basarse en la evidencia y el respeto por los consumidores.<\/p>\n\n\n\n<p>Cuando los datos suecos se interpretan correctamente, revelan un resultado de salud p\u00fablica notablemente positivo.<\/p>","protected":false},"excerpt":{"rendered":"<p>La semana pasada en Bruselas, la Asociaci\u00f3n para un Fumar Libre (SFP) present\u00f3 cifras alarmantes sobre el consumo de bolsas de nicotina por menores en Suecia. Solo hab\u00eda un problema: las cifras eran err\u00f3neas. O, m\u00e1s precisamente, se presentaron de forma sumamente enga\u00f1osa. Y cuando una organizaci\u00f3n que recibe financiaci\u00f3n parcial de la Comisi\u00f3n Europea testifica ante el Parlamento Europeo, [\u2026]<\/p>","protected":false},"author":13,"featured_media":3680,"comment_status":"closed","ping_status":"open","sticky":false,"template":"","format":"standard","meta":{"footnotes":""},"categories":[9],"tags":[],"class_list":["post-3679","post","type-post","status-publish","format-standard","has-post-thumbnail","hentry","category-blog"],"yoast_head":"<!-- This site is optimized with the Yoast SEO plugin v25.0 - https:\/\/yoast.com\/wordpress\/plugins\/seo\/ -->\n<title>Sweden\u2019s Youth Data: What SFP Didn\u2019t Tell the European Parliament - Considerate Pouchers<\/title>\n<meta name=\"description\" content=\"Last week in Brussels, the Smoke-Free Partnership (SFP) presented \u201calarming\u201d figures on underage nicotine pouch use in Sweden.\" \/>\n<meta name=\"robots\" content=\"index, follow, max-snippet:-1, max-image-preview:large, max-video-preview:-1\" \/>\n<link rel=\"canonical\" href=\"https:\/\/consideratepouchers.org\/es\/datos-sobre-la-juventud-sueca-lo-que-la-sfp-no-comunico-al-parlamento-europeo\/\" \/>\n<meta property=\"og:locale\" content=\"es_ES\" \/>\n<meta property=\"og:type\" content=\"article\" \/>\n<meta property=\"og:title\" content=\"Sweden\u2019s Youth Data: What SFP Didn\u2019t Tell the European Parliament - Considerate Pouchers\" \/>\n<meta property=\"og:description\" content=\"Last week in Brussels, the Smoke-Free Partnership (SFP) presented \u201calarming\u201d figures on underage nicotine pouch use in Sweden.\" \/>\n<meta property=\"og:url\" content=\"https:\/\/consideratepouchers.org\/es\/datos-sobre-la-juventud-sueca-lo-que-la-sfp-no-comunico-al-parlamento-europeo\/\" \/>\n<meta property=\"og:site_name\" content=\"Considerate Pouchers\" \/>\n<meta property=\"article:publisher\" content=\"https:\/\/www.facebook.com\/cpouchers\" \/>\n<meta property=\"article:published_time\" content=\"2025-11-27T06:41:03+00:00\" \/>\n<meta property=\"article:modified_time\" content=\"2025-11-27T06:43:14+00:00\" \/>\n<meta property=\"og:image\" content=\"https:\/\/consideratepouchers.org\/wp-content\/uploads\/2025\/11\/Sweden-flag-blog-image-1024x945.png\" \/>\n\t<meta property=\"og:image:width\" content=\"1024\" \/>\n\t<meta property=\"og:image:height\" content=\"945\" \/>\n\t<meta property=\"og:image:type\" content=\"image\/png\" \/>\n<meta name=\"author\" content=\"Juan Taborcia\" \/>\n<meta name=\"twitter:card\" content=\"summary_large_image\" \/>\n<meta name=\"twitter:creator\" content=\"@CPouchers\" \/>\n<meta name=\"twitter:site\" content=\"@CPouchers\" \/>\n<meta name=\"twitter:label1\" content=\"Written by\" \/>\n\t<meta name=\"twitter:data1\" content=\"Juan Taborcia\" \/>\n\t<meta name=\"twitter:label2\" content=\"Est. reading time\" \/>\n\t<meta name=\"twitter:data2\" content=\"3 minutos\" \/>\n<script type=\"application\/ld+json\" class=\"yoast-schema-graph\">{\"@context\":\"https:\/\/schema.org\",\"@graph\":[{\"@type\":\"Article\",\"@id\":\"https:\/\/consideratepouchers.org\/swedens-youth-data-what-sfp-didnt-tell-the-european-parliament\/#article\",\"isPartOf\":{\"@id\":\"https:\/\/consideratepouchers.org\/swedens-youth-data-what-sfp-didnt-tell-the-european-parliament\/\"},\"author\":{\"name\":\"Juan Taborcia\",\"@id\":\"https:\/\/consideratepouchers.org\/#\/schema\/person\/0f5a68e74cddc0ec762ddf9ae8cb6cc8\"},\"headline\":\"Sweden\u2019s Youth Data: What SFP Didn\u2019t Tell the European Parliament\",\"datePublished\":\"2025-11-27T06:41:03+00:00\",\"dateModified\":\"2025-11-27T06:43:14+00:00\",\"mainEntityOfPage\":{\"@id\":\"https:\/\/consideratepouchers.org\/swedens-youth-data-what-sfp-didnt-tell-the-european-parliament\/\"},\"wordCount\":608,\"publisher\":{\"@id\":\"https:\/\/consideratepouchers.org\/#organization\"},\"image\":{\"@id\":\"https:\/\/consideratepouchers.org\/swedens-youth-data-what-sfp-didnt-tell-the-european-parliament\/#primaryimage\"},\"thumbnailUrl\":\"https:\/\/consideratepouchers.org\/wp-content\/uploads\/2025\/11\/Sweden-flag-blog-image.png\",\"articleSection\":[\"Blog\"],\"inLanguage\":\"es\"},{\"@type\":\"WebPage\",\"@id\":\"https:\/\/consideratepouchers.org\/swedens-youth-data-what-sfp-didnt-tell-the-european-parliament\/\",\"url\":\"https:\/\/consideratepouchers.org\/swedens-youth-data-what-sfp-didnt-tell-the-european-parliament\/\",\"name\":\"Sweden\u2019s Youth Data: What SFP Didn\u2019t Tell the European Parliament - Considerate Pouchers\",\"isPartOf\":{\"@id\":\"https:\/\/consideratepouchers.org\/#website\"},\"primaryImageOfPage\":{\"@id\":\"https:\/\/consideratepouchers.org\/swedens-youth-data-what-sfp-didnt-tell-the-european-parliament\/#primaryimage\"},\"image\":{\"@id\":\"https:\/\/consideratepouchers.org\/swedens-youth-data-what-sfp-didnt-tell-the-european-parliament\/#primaryimage\"},\"thumbnailUrl\":\"https:\/\/consideratepouchers.org\/wp-content\/uploads\/2025\/11\/Sweden-flag-blog-image.png\",\"datePublished\":\"2025-11-27T06:41:03+00:00\",\"dateModified\":\"2025-11-27T06:43:14+00:00\",\"description\":\"Last week in Brussels, the Smoke-Free Partnership (SFP) presented \u201calarming\u201d figures on underage nicotine pouch use in Sweden.\",\"breadcrumb\":{\"@id\":\"https:\/\/consideratepouchers.org\/swedens-youth-data-what-sfp-didnt-tell-the-european-parliament\/#breadcrumb\"},\"inLanguage\":\"es\",\"potentialAction\":[{\"@type\":\"ReadAction\",\"target\":[\"https:\/\/consideratepouchers.org\/swedens-youth-data-what-sfp-didnt-tell-the-european-parliament\/\"]}]},{\"@type\":\"ImageObject\",\"inLanguage\":\"es\",\"@id\":\"https:\/\/consideratepouchers.org\/swedens-youth-data-what-sfp-didnt-tell-the-european-parliament\/#primaryimage\",\"url\":\"https:\/\/consideratepouchers.org\/wp-content\/uploads\/2025\/11\/Sweden-flag-blog-image.png\",\"contentUrl\":\"https:\/\/consideratepouchers.org\/wp-content\/uploads\/2025\/11\/Sweden-flag-blog-image.png\",\"width\":2081,\"height\":1920},{\"@type\":\"BreadcrumbList\",\"@id\":\"https:\/\/consideratepouchers.org\/swedens-youth-data-what-sfp-didnt-tell-the-european-parliament\/#breadcrumb\",\"itemListElement\":[{\"@type\":\"ListItem\",\"position\":1,\"name\":\"Home\",\"item\":\"https:\/\/consideratepouchers.org\/\"},{\"@type\":\"ListItem\",\"position\":2,\"name\":\"Sweden\u2019s Youth Data: What SFP Didn\u2019t Tell the European Parliament\"}]},{\"@type\":\"WebSite\",\"@id\":\"https:\/\/consideratepouchers.org\/#website\",\"url\":\"https:\/\/consideratepouchers.org\/\",\"name\":\"Considerate Pouchers\",\"description\":\"Improving Health &amp; Combatting Misinformation\",\"publisher\":{\"@id\":\"https:\/\/consideratepouchers.org\/#organization\"},\"potentialAction\":[{\"@type\":\"SearchAction\",\"target\":{\"@type\":\"EntryPoint\",\"urlTemplate\":\"https:\/\/consideratepouchers.org\/?s={search_term_string}\"},\"query-input\":{\"@type\":\"PropertyValueSpecification\",\"valueRequired\":true,\"valueName\":\"search_term_string\"}}],\"inLanguage\":\"es\"},{\"@type\":\"Organization\",\"@id\":\"https:\/\/consideratepouchers.org\/#organization\",\"name\":\"Considerate Pouchers\",\"url\":\"https:\/\/consideratepouchers.org\/\",\"logo\":{\"@type\":\"ImageObject\",\"inLanguage\":\"es\",\"@id\":\"https:\/\/consideratepouchers.org\/#\/schema\/logo\/image\/\",\"url\":\"https:\/\/consideratepouchers.com\/wp-content\/uploads\/2021\/07\/Considerate-Pouchers-lOGO.png\",\"contentUrl\":\"https:\/\/consideratepouchers.com\/wp-content\/uploads\/2021\/07\/Considerate-Pouchers-lOGO.png\",\"width\":504,\"height\":504,\"caption\":\"Considerate Pouchers\"},\"image\":{\"@id\":\"https:\/\/consideratepouchers.org\/#\/schema\/logo\/image\/\"},\"sameAs\":[\"https:\/\/www.facebook.com\/cpouchers\",\"https:\/\/x.com\/CPouchers\",\"https:\/\/www.instagram.com\/cpouchers\"]},{\"@type\":\"Person\",\"@id\":\"https:\/\/consideratepouchers.org\/#\/schema\/person\/0f5a68e74cddc0ec762ddf9ae8cb6cc8\",\"name\":\"Juan Taborcia\",\"url\":\"https:\/\/consideratepouchers.org\/es\/author\/juan\/\"}]}<\/script>\n<!-- \/ Yoast SEO plugin. -->","yoast_head_json":{"title":"Sweden\u2019s Youth Data: What SFP Didn\u2019t Tell the European Parliament - Considerate Pouchers","description":"Last week in Brussels, the Smoke-Free Partnership (SFP) presented \u201calarming\u201d figures on underage nicotine pouch use in Sweden.","robots":{"index":"index","follow":"follow","max-snippet":"max-snippet:-1","max-image-preview":"max-image-preview:large","max-video-preview":"max-video-preview:-1"},"canonical":"https:\/\/consideratepouchers.org\/es\/datos-sobre-la-juventud-sueca-lo-que-la-sfp-no-comunico-al-parlamento-europeo\/","og_locale":"es_ES","og_type":"article","og_title":"Sweden\u2019s Youth Data: What SFP Didn\u2019t Tell the European Parliament - Considerate Pouchers","og_description":"Last week in Brussels, the Smoke-Free Partnership (SFP) presented \u201calarming\u201d figures on underage nicotine pouch use in Sweden.","og_url":"https:\/\/consideratepouchers.org\/es\/datos-sobre-la-juventud-sueca-lo-que-la-sfp-no-comunico-al-parlamento-europeo\/","og_site_name":"Considerate Pouchers","article_publisher":"https:\/\/www.facebook.com\/cpouchers","article_published_time":"2025-11-27T06:41:03+00:00","article_modified_time":"2025-11-27T06:43:14+00:00","og_image":[{"width":1024,"height":945,"url":"https:\/\/consideratepouchers.org\/wp-content\/uploads\/2025\/11\/Sweden-flag-blog-image-1024x945.png","type":"image\/png"}],"author":"Juan Taborcia","twitter_card":"summary_large_image","twitter_creator":"@CPouchers","twitter_site":"@CPouchers","twitter_misc":{"Written by":"Juan Taborcia","Est. reading time":"3 minutos"},"schema":{"@context":"https:\/\/schema.org","@graph":[{"@type":"Article","@id":"https:\/\/consideratepouchers.org\/swedens-youth-data-what-sfp-didnt-tell-the-european-parliament\/#article","isPartOf":{"@id":"https:\/\/consideratepouchers.org\/swedens-youth-data-what-sfp-didnt-tell-the-european-parliament\/"},"author":{"name":"Juan Taborcia","@id":"https:\/\/consideratepouchers.org\/#\/schema\/person\/0f5a68e74cddc0ec762ddf9ae8cb6cc8"},"headline":"Sweden\u2019s Youth Data: What SFP Didn\u2019t Tell the European Parliament","datePublished":"2025-11-27T06:41:03+00:00","dateModified":"2025-11-27T06:43:14+00:00","mainEntityOfPage":{"@id":"https:\/\/consideratepouchers.org\/swedens-youth-data-what-sfp-didnt-tell-the-european-parliament\/"},"wordCount":608,"publisher":{"@id":"https:\/\/consideratepouchers.org\/#organization"},"image":{"@id":"https:\/\/consideratepouchers.org\/swedens-youth-data-what-sfp-didnt-tell-the-european-parliament\/#primaryimage"},"thumbnailUrl":"https:\/\/consideratepouchers.org\/wp-content\/uploads\/2025\/11\/Sweden-flag-blog-image.png","articleSection":["Blog"],"inLanguage":"es"},{"@type":"WebPage","@id":"https:\/\/consideratepouchers.org\/swedens-youth-data-what-sfp-didnt-tell-the-european-parliament\/","url":"https:\/\/consideratepouchers.org\/swedens-youth-data-what-sfp-didnt-tell-the-european-parliament\/","name":"Sweden\u2019s Youth Data: What SFP Didn\u2019t Tell the European Parliament - Considerate Pouchers","isPartOf":{"@id":"https:\/\/consideratepouchers.org\/#website"},"primaryImageOfPage":{"@id":"https:\/\/consideratepouchers.org\/swedens-youth-data-what-sfp-didnt-tell-the-european-parliament\/#primaryimage"},"image":{"@id":"https:\/\/consideratepouchers.org\/swedens-youth-data-what-sfp-didnt-tell-the-european-parliament\/#primaryimage"},"thumbnailUrl":"https:\/\/consideratepouchers.org\/wp-content\/uploads\/2025\/11\/Sweden-flag-blog-image.png","datePublished":"2025-11-27T06:41:03+00:00","dateModified":"2025-11-27T06:43:14+00:00","description":"Last week in Brussels, the Smoke-Free Partnership (SFP) presented \u201calarming\u201d figures on underage nicotine pouch use in Sweden.","breadcrumb":{"@id":"https:\/\/consideratepouchers.org\/swedens-youth-data-what-sfp-didnt-tell-the-european-parliament\/#breadcrumb"},"inLanguage":"es","potentialAction":[{"@type":"ReadAction","target":["https:\/\/consideratepouchers.org\/swedens-youth-data-what-sfp-didnt-tell-the-european-parliament\/"]}]},{"@type":"ImageObject","inLanguage":"es","@id":"https:\/\/consideratepouchers.org\/swedens-youth-data-what-sfp-didnt-tell-the-european-parliament\/#primaryimage","url":"https:\/\/consideratepouchers.org\/wp-content\/uploads\/2025\/11\/Sweden-flag-blog-image.png","contentUrl":"https:\/\/consideratepouchers.org\/wp-content\/uploads\/2025\/11\/Sweden-flag-blog-image.png","width":2081,"height":1920},{"@type":"BreadcrumbList","@id":"https:\/\/consideratepouchers.org\/swedens-youth-data-what-sfp-didnt-tell-the-european-parliament\/#breadcrumb","itemListElement":[{"@type":"ListItem","position":1,"name":"Home","item":"https:\/\/consideratepouchers.org\/"},{"@type":"ListItem","position":2,"name":"Sweden\u2019s Youth Data: What SFP Didn\u2019t Tell the European Parliament"}]},{"@type":"WebSite","@id":"https:\/\/consideratepouchers.org\/#website","url":"https:\/\/consideratepouchers.org\/","name":"Considerate Pouchers","description":"Improving Health &amp; Combatting Misinformation","publisher":{"@id":"https:\/\/consideratepouchers.org\/#organization"},"potentialAction":[{"@type":"SearchAction","target":{"@type":"EntryPoint","urlTemplate":"https:\/\/consideratepouchers.org\/?s={search_term_string}"},"query-input":{"@type":"PropertyValueSpecification","valueRequired":true,"valueName":"search_term_string"}}],"inLanguage":"es"},{"@type":"Organization","@id":"https:\/\/consideratepouchers.org\/#organization","name":"Considerate Pouchers","url":"https:\/\/consideratepouchers.org\/","logo":{"@type":"ImageObject","inLanguage":"es","@id":"https:\/\/consideratepouchers.org\/#\/schema\/logo\/image\/","url":"https:\/\/consideratepouchers.com\/wp-content\/uploads\/2021\/07\/Considerate-Pouchers-lOGO.png","contentUrl":"https:\/\/consideratepouchers.com\/wp-content\/uploads\/2021\/07\/Considerate-Pouchers-lOGO.png","width":504,"height":504,"caption":"Considerate Pouchers"},"image":{"@id":"https:\/\/consideratepouchers.org\/#\/schema\/logo\/image\/"},"sameAs":["https:\/\/www.facebook.com\/cpouchers","https:\/\/x.com\/CPouchers","https:\/\/www.instagram.com\/cpouchers"]},{"@type":"Person","@id":"https:\/\/consideratepouchers.org\/#\/schema\/person\/0f5a68e74cddc0ec762ddf9ae8cb6cc8","name":"Juan Taborcia","url":"https:\/\/consideratepouchers.org\/es\/author\/juan\/"}]}},"jetpack_featured_media_url":"https:\/\/consideratepouchers.org\/wp-content\/uploads\/2025\/11\/Sweden-flag-blog-image.png","_links":{"self":[{"href":"https:\/\/consideratepouchers.org\/es\/wp-json\/wp\/v2\/posts\/3679","targetHints":{"allow":["GET"]}}],"collection":[{"href":"https:\/\/consideratepouchers.org\/es\/wp-json\/wp\/v2\/posts"}],"about":[{"href":"https:\/\/consideratepouchers.org\/es\/wp-json\/wp\/v2\/types\/post"}],"author":[{"embeddable":true,"href":"https:\/\/consideratepouchers.org\/es\/wp-json\/wp\/v2\/users\/13"}],"replies":[{"embeddable":true,"href":"https:\/\/consideratepouchers.org\/es\/wp-json\/wp\/v2\/comments?post=3679"}],"version-history":[{"count":0,"href":"https:\/\/consideratepouchers.org\/es\/wp-json\/wp\/v2\/posts\/3679\/revisions"}],"wp:featuredmedia":[{"embeddable":true,"href":"https:\/\/consideratepouchers.org\/es\/wp-json\/wp\/v2\/media\/3680"}],"wp:attachment":[{"href":"https:\/\/consideratepouchers.org\/es\/wp-json\/wp\/v2\/media?parent=3679"}],"wp:term":[{"taxonomy":"category","embeddable":true,"href":"https:\/\/consideratepouchers.org\/es\/wp-json\/wp\/v2\/categories?post=3679"},{"taxonomy":"post_tag","embeddable":true,"href":"https:\/\/consideratepouchers.org\/es\/wp-json\/wp\/v2\/tags?post=3679"}],"curies":[{"name":"wp","href":"https:\/\/api.w.org\/{rel}","templated":true}]}}