{"id":1751,"date":"2023-08-21T11:00:13","date_gmt":"2023-08-21T11:00:13","guid":{"rendered":"https:\/\/consideratepouchers.org\/?p=1751"},"modified":"2023-08-21T11:00:15","modified_gmt":"2023-08-21T11:00:15","slug":"complaint-filed-against-mclaren-f1s-nicotine-branding-at-dutch-grand-prix","status":"publish","type":"post","link":"https:\/\/consideratepouchers.org\/fr\/plainte-deposee-contre-la-marque-de-nicotine-de-mclaren-f1-au-grand-prix-des-pays-bas\/","title":{"rendered":"Plainte d\u00e9pos\u00e9e contre la marque de nicotine de McLaren F1 au Grand Prix des Pays-Bas"},"content":{"rendered":"<p><strong>Extrait:<\/strong><\/p>\n\n\n\n<p>Plusieurs organismes de sant\u00e9 ont port\u00e9 plainte contre la marque Velo de McLaren lors du Grand Prix des Pays-Bas en raison de sa promotion de sachets de nicotine. La vente de sachets de nicotine a \u00e9t\u00e9 interdite par le gouvernement n\u00e9erlandais et une l\u00e9gislation concernant l&#039;interdiction de la publicit\u00e9 est actuellement en cours. McLaren affirme que sa marque respecte les obligations r\u00e9glementaires et les crit\u00e8res publicitaires. Des organisations de sant\u00e9 n\u00e9erlandaises, telles que la Dutch Heart Foundation et la KWF Dutch Cancer Society, ont d\u00e9pos\u00e9 une plainte officielle, d\u00e9non\u00e7ant les efforts de l&#039;industrie du tabac pour entretenir la d\u00e9pendance chez les jeunes. Les alternatives au tabagisme, telles que les sachets de nicotine, continuent de fonctionner avec une r\u00e9glementation minimale dans de nombreux pays.<\/p>\n\n\n\n<p><strong>R\u00e9sum\u00e9:<\/strong><\/p>\n\n\n\n<p>\u2022 Plusieurs organisations de sant\u00e9 ont d\u00e9pos\u00e9 une plainte contre la marque Velo de McLaren au Grand Prix des Pays-Bas pour sa promotion de sachets de nicotine.<\/p>\n\n\n\n<p>\u2022 Le gouvernement n\u00e9erlandais a r\u00e9cemment interdit la vente de sachets de nicotine, mais la l\u00e9gislation concernant l&#039;interdiction de la publicit\u00e9 est toujours en cours.<\/p>\n\n\n\n<p>\u2022 McLaren affirme que sa marque respecte les exigences r\u00e9glementaires et les normes publicitaires.<\/p>\n\n\n\n<p>\u2022 Des organisations de sant\u00e9 n\u00e9erlandaises, dont la Dutch Heart Foundation et la KWF Dutch Cancer Society, se sont officiellement plaintes de la publicit\u00e9 d&#039;un produit interdit.<\/p>\n\n\n\n<p>\u2022 Les alternatives au tabagisme, telles que les sachets de nicotine, ne sont pratiquement pas r\u00e9glement\u00e9es dans de nombreux pays.<\/p>\n\n\n\n<p>\u2022 Les restrictions d&#039;\u00e2ge sur les produits \u00e0 base de nicotine varient selon les pays, les \u00c9tats-Unis interdisant la vente aux moins de 21 ans et le Royaume-Uni autorisant la vente l\u00e9gale de sachets de nicotine aux personnes de moins de 18 ans.<\/p>\n\n\n\n<p>\u2022 La marque Velo de McLaren sera affich\u00e9e sur la voiture lors du Grand Prix des Pays-Bas dans le cadre d&#039;un concours de fans.<\/p>\n\n\n\n<p>\u2022 La plainte met en lumi\u00e8re les inqui\u00e9tudes concernant les efforts de l&#039;industrie du tabac pour maintenir la d\u00e9pendance chez les jeunes.<\/p>\n\n\n\n<p>\u2022 Des publicit\u00e9s engageantes, comme la marque Velo de McLaren, peuvent pr\u00e9senter aux gens des alternatives au tabagisme et des produits potentiellement salvateurs.<\/p>\n\n\n\n<p>\u2022 La port\u00e9e mondiale de la Formule 1 rend important la prise en compte de l&#039;impact de la publicit\u00e9 sur un large public.<\/p>\n\n\n\n<p>Lire le texte int\u00e9gral <a href=\"https:\/\/daily-pouch.com\/complaint-filed-against-mclaren-f1s-nicotine-branding-at-dutch-grand-prix\/\" target=\"_blank\" rel=\"noreferrer noopener\">ici<\/a><\/p>","protected":false},"excerpt":{"rendered":"<p>Extrait : Plusieurs organismes de sant\u00e9 ont d\u00e9pos\u00e9 une plainte contre la marque Velo de McLaren lors du Grand Prix des Pays-Bas en raison de sa promotion de sachets de nicotine. La vente de sachets de nicotine a \u00e9t\u00e9 interdite par le gouvernement n\u00e9erlandais et une l\u00e9gislation concernant l&#039;interdiction de la publicit\u00e9 est actuellement en cours. McLaren affirme que sa marque respecte les obligations r\u00e9glementaires et [\u2026]<\/p>","protected":false},"author":11,"featured_media":1522,"comment_status":"closed","ping_status":"open","sticky":false,"template":"","format":"standard","meta":{"footnotes":""},"categories":[10],"tags":[],"class_list":["post-1751","post","type-post","status-publish","format-standard","has-post-thumbnail","hentry","category-news"],"yoast_head":"<!-- This site is optimized with the Yoast SEO plugin v25.0 - https:\/\/yoast.com\/wordpress\/plugins\/seo\/ -->\n<title>Complaint Filed Against McLaren F1\u2019s Nicotine Branding at Dutch Grand Prix - Considerate Pouchers<\/title>\n<meta name=\"robots\" content=\"index, follow, max-snippet:-1, max-image-preview:large, max-video-preview:-1\" \/>\n<link rel=\"canonical\" href=\"https:\/\/consideratepouchers.org\/fr\/plainte-deposee-contre-la-marque-de-nicotine-de-mclaren-f1-au-grand-prix-des-pays-bas\/\" \/>\n<meta property=\"og:locale\" content=\"fr_FR\" \/>\n<meta property=\"og:type\" content=\"article\" \/>\n<meta property=\"og:title\" content=\"Complaint Filed Against McLaren F1\u2019s Nicotine Branding at Dutch Grand Prix - Considerate Pouchers\" \/>\n<meta property=\"og:description\" content=\"Excerpt: Several health organizations have lodged a complaint against McLaren&#8217;s Velo branding at the Dutch Grand Prix due to its promotion of nicotine pouches. The sale of nicotine pouches has been prohibited by the Dutch government, and legislation concerning the advertising ban is currently underway. McLaren asserts that its branding adheres to regulatory obligations and [&hellip;]\" \/>\n<meta property=\"og:url\" content=\"https:\/\/consideratepouchers.org\/fr\/plainte-deposee-contre-la-marque-de-nicotine-de-mclaren-f1-au-grand-prix-des-pays-bas\/\" \/>\n<meta property=\"og:site_name\" content=\"Considerate Pouchers\" \/>\n<meta property=\"article:publisher\" content=\"https:\/\/www.facebook.com\/cpouchers\" \/>\n<meta property=\"article:published_time\" content=\"2023-08-21T11:00:13+00:00\" \/>\n<meta property=\"article:modified_time\" content=\"2023-08-21T11:00:15+00:00\" \/>\n<meta property=\"og:image\" content=\"https:\/\/consideratepouchers.org\/wp-content\/uploads\/2023\/06\/The_Daily_Pouch.png\" \/>\n\t<meta property=\"og:image:width\" content=\"2081\" \/>\n\t<meta property=\"og:image:height\" content=\"1920\" \/>\n\t<meta property=\"og:image:type\" content=\"image\/png\" \/>\n<meta name=\"author\" content=\"Considerate Pouchers\" \/>\n<meta name=\"twitter:card\" content=\"summary_large_image\" \/>\n<meta name=\"twitter:creator\" content=\"@CPouchers\" \/>\n<meta name=\"twitter:site\" content=\"@CPouchers\" \/>\n<meta name=\"twitter:label1\" content=\"\u00c9crit par\" \/>\n\t<meta name=\"twitter:data1\" content=\"Considerate Pouchers\" \/>\n\t<meta name=\"twitter:label2\" content=\"Dur\u00e9e de lecture estim\u00e9e\" \/>\n\t<meta name=\"twitter:data2\" content=\"1 minute\" \/>\n<script type=\"application\/ld+json\" class=\"yoast-schema-graph\">{\"@context\":\"https:\/\/schema.org\",\"@graph\":[{\"@type\":\"Article\",\"@id\":\"https:\/\/consideratepouchers.org\/complaint-filed-against-mclaren-f1s-nicotine-branding-at-dutch-grand-prix\/#article\",\"isPartOf\":{\"@id\":\"https:\/\/consideratepouchers.org\/complaint-filed-against-mclaren-f1s-nicotine-branding-at-dutch-grand-prix\/\"},\"author\":{\"name\":\"Considerate Pouchers\",\"@id\":\"https:\/\/consideratepouchers.org\/#\/schema\/person\/37761c96f91c510a2ff593c27738adc7\"},\"headline\":\"Complaint Filed Against McLaren F1\u2019s Nicotine Branding at Dutch Grand Prix\",\"datePublished\":\"2023-08-21T11:00:13+00:00\",\"dateModified\":\"2023-08-21T11:00:15+00:00\",\"mainEntityOfPage\":{\"@id\":\"https:\/\/consideratepouchers.org\/complaint-filed-against-mclaren-f1s-nicotine-branding-at-dutch-grand-prix\/\"},\"wordCount\":315,\"publisher\":{\"@id\":\"https:\/\/consideratepouchers.org\/#organization\"},\"image\":{\"@id\":\"https:\/\/consideratepouchers.org\/complaint-filed-against-mclaren-f1s-nicotine-branding-at-dutch-grand-prix\/#primaryimage\"},\"thumbnailUrl\":\"https:\/\/consideratepouchers.org\/wp-content\/uploads\/2023\/06\/The_Daily_Pouch.png\",\"articleSection\":[\"News\"],\"inLanguage\":\"fr-FR\"},{\"@type\":\"WebPage\",\"@id\":\"https:\/\/consideratepouchers.org\/complaint-filed-against-mclaren-f1s-nicotine-branding-at-dutch-grand-prix\/\",\"url\":\"https:\/\/consideratepouchers.org\/complaint-filed-against-mclaren-f1s-nicotine-branding-at-dutch-grand-prix\/\",\"name\":\"Complaint Filed Against McLaren F1\u2019s Nicotine Branding at Dutch Grand Prix - Considerate Pouchers\",\"isPartOf\":{\"@id\":\"https:\/\/consideratepouchers.org\/#website\"},\"primaryImageOfPage\":{\"@id\":\"https:\/\/consideratepouchers.org\/complaint-filed-against-mclaren-f1s-nicotine-branding-at-dutch-grand-prix\/#primaryimage\"},\"image\":{\"@id\":\"https:\/\/consideratepouchers.org\/complaint-filed-against-mclaren-f1s-nicotine-branding-at-dutch-grand-prix\/#primaryimage\"},\"thumbnailUrl\":\"https:\/\/consideratepouchers.org\/wp-content\/uploads\/2023\/06\/The_Daily_Pouch.png\",\"datePublished\":\"2023-08-21T11:00:13+00:00\",\"dateModified\":\"2023-08-21T11:00:15+00:00\",\"breadcrumb\":{\"@id\":\"https:\/\/consideratepouchers.org\/complaint-filed-against-mclaren-f1s-nicotine-branding-at-dutch-grand-prix\/#breadcrumb\"},\"inLanguage\":\"fr-FR\",\"potentialAction\":[{\"@type\":\"ReadAction\",\"target\":[\"https:\/\/consideratepouchers.org\/complaint-filed-against-mclaren-f1s-nicotine-branding-at-dutch-grand-prix\/\"]}]},{\"@type\":\"ImageObject\",\"inLanguage\":\"fr-FR\",\"@id\":\"https:\/\/consideratepouchers.org\/complaint-filed-against-mclaren-f1s-nicotine-branding-at-dutch-grand-prix\/#primaryimage\",\"url\":\"https:\/\/consideratepouchers.org\/wp-content\/uploads\/2023\/06\/The_Daily_Pouch.png\",\"contentUrl\":\"https:\/\/consideratepouchers.org\/wp-content\/uploads\/2023\/06\/The_Daily_Pouch.png\",\"width\":2081,\"height\":1920},{\"@type\":\"BreadcrumbList\",\"@id\":\"https:\/\/consideratepouchers.org\/complaint-filed-against-mclaren-f1s-nicotine-branding-at-dutch-grand-prix\/#breadcrumb\",\"itemListElement\":[{\"@type\":\"ListItem\",\"position\":1,\"name\":\"Home\",\"item\":\"https:\/\/consideratepouchers.org\/\"},{\"@type\":\"ListItem\",\"position\":2,\"name\":\"Complaint Filed Against McLaren F1\u2019s Nicotine Branding at Dutch Grand Prix\"}]},{\"@type\":\"WebSite\",\"@id\":\"https:\/\/consideratepouchers.org\/#website\",\"url\":\"https:\/\/consideratepouchers.org\/\",\"name\":\"Considerate Pouchers\",\"description\":\"Improving Health &amp; Combatting Misinformation\",\"publisher\":{\"@id\":\"https:\/\/consideratepouchers.org\/#organization\"},\"potentialAction\":[{\"@type\":\"SearchAction\",\"target\":{\"@type\":\"EntryPoint\",\"urlTemplate\":\"https:\/\/consideratepouchers.org\/?s={search_term_string}\"},\"query-input\":{\"@type\":\"PropertyValueSpecification\",\"valueRequired\":true,\"valueName\":\"search_term_string\"}}],\"inLanguage\":\"fr-FR\"},{\"@type\":\"Organization\",\"@id\":\"https:\/\/consideratepouchers.org\/#organization\",\"name\":\"Considerate Pouchers\",\"url\":\"https:\/\/consideratepouchers.org\/\",\"logo\":{\"@type\":\"ImageObject\",\"inLanguage\":\"fr-FR\",\"@id\":\"https:\/\/consideratepouchers.org\/#\/schema\/logo\/image\/\",\"url\":\"https:\/\/consideratepouchers.com\/wp-content\/uploads\/2021\/07\/Considerate-Pouchers-lOGO.png\",\"contentUrl\":\"https:\/\/consideratepouchers.com\/wp-content\/uploads\/2021\/07\/Considerate-Pouchers-lOGO.png\",\"width\":504,\"height\":504,\"caption\":\"Considerate Pouchers\"},\"image\":{\"@id\":\"https:\/\/consideratepouchers.org\/#\/schema\/logo\/image\/\"},\"sameAs\":[\"https:\/\/www.facebook.com\/cpouchers\",\"https:\/\/x.com\/CPouchers\",\"https:\/\/www.instagram.com\/cpouchers\"]},{\"@type\":\"Person\",\"@id\":\"https:\/\/consideratepouchers.org\/#\/schema\/person\/37761c96f91c510a2ff593c27738adc7\",\"name\":\"Considerate Pouchers\",\"url\":\"https:\/\/consideratepouchers.org\/fr\/author\/consideratepouchers\/\"}]}<\/script>\n<!-- \/ Yoast SEO plugin. -->","yoast_head_json":{"title":"Complaint Filed Against McLaren F1\u2019s Nicotine Branding at Dutch Grand Prix - Considerate Pouchers","robots":{"index":"index","follow":"follow","max-snippet":"max-snippet:-1","max-image-preview":"max-image-preview:large","max-video-preview":"max-video-preview:-1"},"canonical":"https:\/\/consideratepouchers.org\/fr\/plainte-deposee-contre-la-marque-de-nicotine-de-mclaren-f1-au-grand-prix-des-pays-bas\/","og_locale":"fr_FR","og_type":"article","og_title":"Complaint Filed Against McLaren F1\u2019s Nicotine Branding at Dutch Grand Prix - Considerate Pouchers","og_description":"Excerpt: Several health organizations have lodged a complaint against McLaren&#8217;s Velo branding at the Dutch Grand Prix due to its promotion of nicotine pouches. The sale of nicotine pouches has been prohibited by the Dutch government, and legislation concerning the advertising ban is currently underway. McLaren asserts that its branding adheres to regulatory obligations and [&hellip;]","og_url":"https:\/\/consideratepouchers.org\/fr\/plainte-deposee-contre-la-marque-de-nicotine-de-mclaren-f1-au-grand-prix-des-pays-bas\/","og_site_name":"Considerate Pouchers","article_publisher":"https:\/\/www.facebook.com\/cpouchers","article_published_time":"2023-08-21T11:00:13+00:00","article_modified_time":"2023-08-21T11:00:15+00:00","og_image":[{"width":2081,"height":1920,"url":"https:\/\/consideratepouchers.org\/wp-content\/uploads\/2023\/06\/The_Daily_Pouch.png","type":"image\/png"}],"author":"Considerate Pouchers","twitter_card":"summary_large_image","twitter_creator":"@CPouchers","twitter_site":"@CPouchers","twitter_misc":{"\u00c9crit par":"Considerate Pouchers","Dur\u00e9e de lecture estim\u00e9e":"1 minute"},"schema":{"@context":"https:\/\/schema.org","@graph":[{"@type":"Article","@id":"https:\/\/consideratepouchers.org\/complaint-filed-against-mclaren-f1s-nicotine-branding-at-dutch-grand-prix\/#article","isPartOf":{"@id":"https:\/\/consideratepouchers.org\/complaint-filed-against-mclaren-f1s-nicotine-branding-at-dutch-grand-prix\/"},"author":{"name":"Considerate Pouchers","@id":"https:\/\/consideratepouchers.org\/#\/schema\/person\/37761c96f91c510a2ff593c27738adc7"},"headline":"Complaint Filed Against McLaren F1\u2019s Nicotine Branding at Dutch Grand Prix","datePublished":"2023-08-21T11:00:13+00:00","dateModified":"2023-08-21T11:00:15+00:00","mainEntityOfPage":{"@id":"https:\/\/consideratepouchers.org\/complaint-filed-against-mclaren-f1s-nicotine-branding-at-dutch-grand-prix\/"},"wordCount":315,"publisher":{"@id":"https:\/\/consideratepouchers.org\/#organization"},"image":{"@id":"https:\/\/consideratepouchers.org\/complaint-filed-against-mclaren-f1s-nicotine-branding-at-dutch-grand-prix\/#primaryimage"},"thumbnailUrl":"https:\/\/consideratepouchers.org\/wp-content\/uploads\/2023\/06\/The_Daily_Pouch.png","articleSection":["News"],"inLanguage":"fr-FR"},{"@type":"WebPage","@id":"https:\/\/consideratepouchers.org\/complaint-filed-against-mclaren-f1s-nicotine-branding-at-dutch-grand-prix\/","url":"https:\/\/consideratepouchers.org\/complaint-filed-against-mclaren-f1s-nicotine-branding-at-dutch-grand-prix\/","name":"Complaint Filed Against McLaren F1\u2019s Nicotine Branding at Dutch Grand Prix - Considerate Pouchers","isPartOf":{"@id":"https:\/\/consideratepouchers.org\/#website"},"primaryImageOfPage":{"@id":"https:\/\/consideratepouchers.org\/complaint-filed-against-mclaren-f1s-nicotine-branding-at-dutch-grand-prix\/#primaryimage"},"image":{"@id":"https:\/\/consideratepouchers.org\/complaint-filed-against-mclaren-f1s-nicotine-branding-at-dutch-grand-prix\/#primaryimage"},"thumbnailUrl":"https:\/\/consideratepouchers.org\/wp-content\/uploads\/2023\/06\/The_Daily_Pouch.png","datePublished":"2023-08-21T11:00:13+00:00","dateModified":"2023-08-21T11:00:15+00:00","breadcrumb":{"@id":"https:\/\/consideratepouchers.org\/complaint-filed-against-mclaren-f1s-nicotine-branding-at-dutch-grand-prix\/#breadcrumb"},"inLanguage":"fr-FR","potentialAction":[{"@type":"ReadAction","target":["https:\/\/consideratepouchers.org\/complaint-filed-against-mclaren-f1s-nicotine-branding-at-dutch-grand-prix\/"]}]},{"@type":"ImageObject","inLanguage":"fr-FR","@id":"https:\/\/consideratepouchers.org\/complaint-filed-against-mclaren-f1s-nicotine-branding-at-dutch-grand-prix\/#primaryimage","url":"https:\/\/consideratepouchers.org\/wp-content\/uploads\/2023\/06\/The_Daily_Pouch.png","contentUrl":"https:\/\/consideratepouchers.org\/wp-content\/uploads\/2023\/06\/The_Daily_Pouch.png","width":2081,"height":1920},{"@type":"BreadcrumbList","@id":"https:\/\/consideratepouchers.org\/complaint-filed-against-mclaren-f1s-nicotine-branding-at-dutch-grand-prix\/#breadcrumb","itemListElement":[{"@type":"ListItem","position":1,"name":"Home","item":"https:\/\/consideratepouchers.org\/"},{"@type":"ListItem","position":2,"name":"Complaint Filed Against McLaren F1\u2019s Nicotine Branding at Dutch Grand Prix"}]},{"@type":"WebSite","@id":"https:\/\/consideratepouchers.org\/#website","url":"https:\/\/consideratepouchers.org\/","name":"Considerate Pouchers","description":"Improving Health &amp; Combatting Misinformation","publisher":{"@id":"https:\/\/consideratepouchers.org\/#organization"},"potentialAction":[{"@type":"SearchAction","target":{"@type":"EntryPoint","urlTemplate":"https:\/\/consideratepouchers.org\/?s={search_term_string}"},"query-input":{"@type":"PropertyValueSpecification","valueRequired":true,"valueName":"search_term_string"}}],"inLanguage":"fr-FR"},{"@type":"Organization","@id":"https:\/\/consideratepouchers.org\/#organization","name":"Considerate Pouchers","url":"https:\/\/consideratepouchers.org\/","logo":{"@type":"ImageObject","inLanguage":"fr-FR","@id":"https:\/\/consideratepouchers.org\/#\/schema\/logo\/image\/","url":"https:\/\/consideratepouchers.com\/wp-content\/uploads\/2021\/07\/Considerate-Pouchers-lOGO.png","contentUrl":"https:\/\/consideratepouchers.com\/wp-content\/uploads\/2021\/07\/Considerate-Pouchers-lOGO.png","width":504,"height":504,"caption":"Considerate Pouchers"},"image":{"@id":"https:\/\/consideratepouchers.org\/#\/schema\/logo\/image\/"},"sameAs":["https:\/\/www.facebook.com\/cpouchers","https:\/\/x.com\/CPouchers","https:\/\/www.instagram.com\/cpouchers"]},{"@type":"Person","@id":"https:\/\/consideratepouchers.org\/#\/schema\/person\/37761c96f91c510a2ff593c27738adc7","name":"Considerate Pouchers","url":"https:\/\/consideratepouchers.org\/fr\/author\/consideratepouchers\/"}]}},"jetpack_featured_media_url":"https:\/\/consideratepouchers.org\/wp-content\/uploads\/2023\/06\/The_Daily_Pouch.png","_links":{"self":[{"href":"https:\/\/consideratepouchers.org\/fr\/wp-json\/wp\/v2\/posts\/1751","targetHints":{"allow":["GET"]}}],"collection":[{"href":"https:\/\/consideratepouchers.org\/fr\/wp-json\/wp\/v2\/posts"}],"about":[{"href":"https:\/\/consideratepouchers.org\/fr\/wp-json\/wp\/v2\/types\/post"}],"author":[{"embeddable":true,"href":"https:\/\/consideratepouchers.org\/fr\/wp-json\/wp\/v2\/users\/11"}],"replies":[{"embeddable":true,"href":"https:\/\/consideratepouchers.org\/fr\/wp-json\/wp\/v2\/comments?post=1751"}],"version-history":[{"count":0,"href":"https:\/\/consideratepouchers.org\/fr\/wp-json\/wp\/v2\/posts\/1751\/revisions"}],"wp:featuredmedia":[{"embeddable":true,"href":"https:\/\/consideratepouchers.org\/fr\/wp-json\/wp\/v2\/media\/1522"}],"wp:attachment":[{"href":"https:\/\/consideratepouchers.org\/fr\/wp-json\/wp\/v2\/media?parent=1751"}],"wp:term":[{"taxonomy":"category","embeddable":true,"href":"https:\/\/consideratepouchers.org\/fr\/wp-json\/wp\/v2\/categories?post=1751"},{"taxonomy":"post_tag","embeddable":true,"href":"https:\/\/consideratepouchers.org\/fr\/wp-json\/wp\/v2\/tags?post=1751"}],"curies":[{"name":"wp","href":"https:\/\/api.w.org\/{rel}","templated":true}]}}