{"id":3077,"date":"2024-06-06T04:47:53","date_gmt":"2024-06-06T04:47:53","guid":{"rendered":"https:\/\/consideratepouchers.org\/?p=3077"},"modified":"2024-06-06T13:14:56","modified_gmt":"2024-06-06T13:14:56","slug":"june-declared-pouch-awareness-month-by-campaigners","status":"publish","type":"post","link":"https:\/\/consideratepouchers.org\/fr\/juin-declare-mois-de-sensibilisation-aux-pochettes-par-les-militants\/","title":{"rendered":"Juin d\u00e9clar\u00e9 mois de sensibilisation aux pochettes par les militants"},"content":{"rendered":"<p>Chaque ann\u00e9e, 700 000 vies sont tragiquement perdues dans l\u2019Union europ\u00e9enne \u00e0 cause de maladies li\u00e9es au tabagisme.\u00a0<\/p>\n\n\n\n<p>Alors que l\u2019UE r\u00e9examine diverses r\u00e9glementations sur la nicotine, les efforts visant \u00e0 restreindre les alternatives plus s\u00fbres \u00e0 la nicotine suscitent une inqui\u00e9tude croissante. De telles restrictions pourraient encore mettre des vies en danger en limitant l\u2019acc\u00e8s \u00e0 des aides efficaces pour arr\u00eater de fumer.<\/p>\n\n\n\n<p>\u00c0 la lumi\u00e8re de ces pr\u00e9occupations, \u00e0 partir de cette ann\u00e9e, nous marquerons le mois de juin comme le \u00ab Mois de la sensibilisation aux pochettes \u00bb afin de sensibiliser \u00e0 l\u2019importance de cet outil efficace de r\u00e9duction des m\u00e9faits.&nbsp;<\/p>\n\n\n\n<p>Nous exhortons les d\u00e9cideurs politiques \u00e0 garantir que les sachets restent accessibles, acceptables et abordables afin de soutenir un avenir plus sain pour tous.<\/p>\n\n\n\n<p>Ces alternatives sont devenues un outil puissant dans la lutte contre le tabagisme, aidant des millions de personnes dans le monde \u00e0 arr\u00eater de fumer et am\u00e9liorant consid\u00e9rablement leur sant\u00e9, leurs finances et leur qualit\u00e9 de vie en g\u00e9n\u00e9ral. Contrairement aux m\u00e9thodes de fumage traditionnelles, les sachets sont discrets et respectueux envers ceux qui nous entourent : pas de fum\u00e9e, pas d&#039;odeur et pas de perturbation.<\/p>\n\n\n\n<p>La Su\u00e8de constitue une \u00e9tude de cas remarquable sur les avantages des pochettes. En ne limitant pas la nicotine orale, la Su\u00e8de est sur la bonne voie pour devenir une soci\u00e9t\u00e9 sans fum\u00e9e, atteignant l&#039;objectif d&#039;incidence du tabagisme 5% de l&#039;Organisation mondiale de la sant\u00e9 plus rapidement que tout autre pays. Ce succ\u00e8s a \u00e9t\u00e9 obtenu gr\u00e2ce \u00e0 une \u00e9valuation minutieuse des preuves et \u00e0 la reconnaissance des avantages universels des sachets et du snus.<\/p>\n\n\n\n<p>Malgr\u00e9 cela, certains pays envisagent d\u2019imposer des restrictions sur les sachets, une d\u00e9cision qui pourrait avoir des cons\u00e9quences d\u00e9vastatrices. Une l\u00e9gislation mal pens\u00e9e pourrait priver d\u2019innombrables personnes d\u2019une bou\u00e9e de sauvetage essentielle dans leur d\u00e9marche pour arr\u00eater de fumer.<\/p>\n\n\n\n<p>\u00ab Nous assistons \u00e0 une r\u00e9volution de la sant\u00e9 publique en Su\u00e8de, motiv\u00e9e par une approche pragmatique de l&#039;usage de la nicotine \u00bb, a d\u00e9clar\u00e9 Richard Crosby, directeur de Considerate Pouchers UK. \u00ab La Su\u00e8de sauve des vies en adoptant la r\u00e9duction des risques et des alternatives moins nocives. Cela \u00e9tablit une norme pour le reste d\u2019entre nous. Tous les gouvernements luttant pour une meilleure sant\u00e9 publique devraient soutenir la disponibilit\u00e9 des pochettes. Ils doivent \u00eatre accessibles et l\u00e9galement disponibles pour ceux qui recherchent une alternative \u00e0 la cigarette. Ils devraient \u00e9galement \u00eatre propos\u00e9s dans diff\u00e9rentes saveurs et concentrations de nicotine pour r\u00e9pondre aux pr\u00e9f\u00e9rences individuelles et \u00eatre abordables, avec des taxes refl\u00e9tant leur moindre risque pour la sant\u00e9.<\/p>\n\n\n\n<p>Dans le cadre de cette campagne, nous appelons tous les d\u00e9tenteurs de sachets et ceux qui les soutiennent \u00e0 signer notre engagement \u00e0 prot\u00e9ger les sachets et \u00e0 garantir que ces alternatives plus s\u00fbres restent disponibles pour tous ceux qui en ont besoin.<\/p>","protected":false},"excerpt":{"rendered":"<p>Chaque ann\u00e9e, 700 000 vies sont tragiquement perdues dans l\u2019Union europ\u00e9enne \u00e0 cause de maladies li\u00e9es au tabagisme. Alors que l\u2019UE r\u00e9examine diverses r\u00e9glementations sur la nicotine, les efforts visant \u00e0 restreindre les alternatives plus s\u00fbres \u00e0 la nicotine suscitent une inqui\u00e9tude croissante. De telles restrictions pourraient encore mettre des vies en danger en limitant l\u2019acc\u00e8s \u00e0 des aides efficaces pour arr\u00eater de fumer. \u00c0 la lumi\u00e8re de ces pr\u00e9occupations, \u00e0 partir de cette ann\u00e9e, nous [\u2026]<\/p>","protected":false},"author":11,"featured_media":3078,"comment_status":"closed","ping_status":"open","sticky":false,"template":"","format":"standard","meta":{"footnotes":""},"categories":[9],"tags":[],"class_list":["post-3077","post","type-post","status-publish","format-standard","has-post-thumbnail","hentry","category-blog"],"yoast_head":"<!-- This site is optimized with the Yoast SEO plugin v25.0 - https:\/\/yoast.com\/wordpress\/plugins\/seo\/ -->\n<title>June declared pouch awareness month by campaigners<\/title>\n<meta name=\"description\" content=\"From this year forward we will mark June as \u201cPouch Awareness Month\u201d to raise awareness about the importance of this effective harm-reduction tool.\u00a0\" \/>\n<meta name=\"robots\" content=\"index, follow, max-snippet:-1, max-image-preview:large, max-video-preview:-1\" \/>\n<link rel=\"canonical\" href=\"https:\/\/consideratepouchers.org\/fr\/juin-declare-mois-de-sensibilisation-aux-pochettes-par-les-militants\/\" \/>\n<meta property=\"og:locale\" content=\"fr_FR\" \/>\n<meta property=\"og:type\" content=\"article\" \/>\n<meta property=\"og:title\" content=\"June declared pouch awareness month by campaigners\" \/>\n<meta property=\"og:description\" content=\"From this year forward we will mark June as \u201cPouch Awareness Month\u201d to raise awareness about the importance of this effective harm-reduction tool.\u00a0\" \/>\n<meta property=\"og:url\" content=\"https:\/\/consideratepouchers.org\/fr\/juin-declare-mois-de-sensibilisation-aux-pochettes-par-les-militants\/\" \/>\n<meta property=\"og:site_name\" content=\"Considerate Pouchers\" \/>\n<meta property=\"article:publisher\" content=\"https:\/\/www.facebook.com\/cpouchers\" \/>\n<meta property=\"article:published_time\" content=\"2024-06-06T04:47:53+00:00\" \/>\n<meta property=\"article:modified_time\" content=\"2024-06-06T13:14:56+00:00\" \/>\n<meta property=\"og:image\" content=\"https:\/\/consideratepouchers.org\/wp-content\/uploads\/2024\/06\/nicotine-pouch-blog-image-1024x945.png\" \/>\n\t<meta property=\"og:image:width\" content=\"1024\" \/>\n\t<meta property=\"og:image:height\" content=\"945\" \/>\n\t<meta property=\"og:image:type\" content=\"image\/png\" \/>\n<meta name=\"author\" content=\"Considerate Pouchers\" \/>\n<meta name=\"twitter:card\" content=\"summary_large_image\" \/>\n<meta name=\"twitter:creator\" content=\"@CPouchers\" \/>\n<meta name=\"twitter:site\" content=\"@CPouchers\" \/>\n<meta name=\"twitter:label1\" content=\"\u00c9crit par\" \/>\n\t<meta name=\"twitter:data1\" content=\"Considerate Pouchers\" \/>\n\t<meta name=\"twitter:label2\" content=\"Dur\u00e9e de lecture estim\u00e9e\" \/>\n\t<meta name=\"twitter:data2\" content=\"2 minutes\" \/>\n<script type=\"application\/ld+json\" class=\"yoast-schema-graph\">{\"@context\":\"https:\/\/schema.org\",\"@graph\":[{\"@type\":\"Article\",\"@id\":\"https:\/\/consideratepouchers.org\/june-declared-pouch-awareness-month-by-campaigners\/#article\",\"isPartOf\":{\"@id\":\"https:\/\/consideratepouchers.org\/june-declared-pouch-awareness-month-by-campaigners\/\"},\"author\":{\"name\":\"Considerate Pouchers\",\"@id\":\"https:\/\/consideratepouchers.org\/#\/schema\/person\/37761c96f91c510a2ff593c27738adc7\"},\"headline\":\"June declared pouch awareness month by campaigners\",\"datePublished\":\"2024-06-06T04:47:53+00:00\",\"dateModified\":\"2024-06-06T13:14:56+00:00\",\"mainEntityOfPage\":{\"@id\":\"https:\/\/consideratepouchers.org\/june-declared-pouch-awareness-month-by-campaigners\/\"},\"wordCount\":375,\"publisher\":{\"@id\":\"https:\/\/consideratepouchers.org\/#organization\"},\"image\":{\"@id\":\"https:\/\/consideratepouchers.org\/june-declared-pouch-awareness-month-by-campaigners\/#primaryimage\"},\"thumbnailUrl\":\"https:\/\/consideratepouchers.org\/wp-content\/uploads\/2024\/06\/nicotine-pouch-blog-image.png\",\"articleSection\":[\"Blog\"],\"inLanguage\":\"fr-FR\"},{\"@type\":\"WebPage\",\"@id\":\"https:\/\/consideratepouchers.org\/june-declared-pouch-awareness-month-by-campaigners\/\",\"url\":\"https:\/\/consideratepouchers.org\/june-declared-pouch-awareness-month-by-campaigners\/\",\"name\":\"June declared pouch awareness month by campaigners\",\"isPartOf\":{\"@id\":\"https:\/\/consideratepouchers.org\/#website\"},\"primaryImageOfPage\":{\"@id\":\"https:\/\/consideratepouchers.org\/june-declared-pouch-awareness-month-by-campaigners\/#primaryimage\"},\"image\":{\"@id\":\"https:\/\/consideratepouchers.org\/june-declared-pouch-awareness-month-by-campaigners\/#primaryimage\"},\"thumbnailUrl\":\"https:\/\/consideratepouchers.org\/wp-content\/uploads\/2024\/06\/nicotine-pouch-blog-image.png\",\"datePublished\":\"2024-06-06T04:47:53+00:00\",\"dateModified\":\"2024-06-06T13:14:56+00:00\",\"description\":\"From this year forward we will mark June as \u201cPouch Awareness Month\u201d to raise awareness about the importance of this effective harm-reduction tool.\u00a0\",\"breadcrumb\":{\"@id\":\"https:\/\/consideratepouchers.org\/june-declared-pouch-awareness-month-by-campaigners\/#breadcrumb\"},\"inLanguage\":\"fr-FR\",\"potentialAction\":[{\"@type\":\"ReadAction\",\"target\":[\"https:\/\/consideratepouchers.org\/june-declared-pouch-awareness-month-by-campaigners\/\"]}]},{\"@type\":\"ImageObject\",\"inLanguage\":\"fr-FR\",\"@id\":\"https:\/\/consideratepouchers.org\/june-declared-pouch-awareness-month-by-campaigners\/#primaryimage\",\"url\":\"https:\/\/consideratepouchers.org\/wp-content\/uploads\/2024\/06\/nicotine-pouch-blog-image.png\",\"contentUrl\":\"https:\/\/consideratepouchers.org\/wp-content\/uploads\/2024\/06\/nicotine-pouch-blog-image.png\",\"width\":2081,\"height\":1920},{\"@type\":\"BreadcrumbList\",\"@id\":\"https:\/\/consideratepouchers.org\/june-declared-pouch-awareness-month-by-campaigners\/#breadcrumb\",\"itemListElement\":[{\"@type\":\"ListItem\",\"position\":1,\"name\":\"Home\",\"item\":\"https:\/\/consideratepouchers.org\/\"},{\"@type\":\"ListItem\",\"position\":2,\"name\":\"June declared pouch awareness month by campaigners\"}]},{\"@type\":\"WebSite\",\"@id\":\"https:\/\/consideratepouchers.org\/#website\",\"url\":\"https:\/\/consideratepouchers.org\/\",\"name\":\"Considerate Pouchers\",\"description\":\"Improving Health &amp; Combatting Misinformation\",\"publisher\":{\"@id\":\"https:\/\/consideratepouchers.org\/#organization\"},\"potentialAction\":[{\"@type\":\"SearchAction\",\"target\":{\"@type\":\"EntryPoint\",\"urlTemplate\":\"https:\/\/consideratepouchers.org\/?s={search_term_string}\"},\"query-input\":{\"@type\":\"PropertyValueSpecification\",\"valueRequired\":true,\"valueName\":\"search_term_string\"}}],\"inLanguage\":\"fr-FR\"},{\"@type\":\"Organization\",\"@id\":\"https:\/\/consideratepouchers.org\/#organization\",\"name\":\"Considerate Pouchers\",\"url\":\"https:\/\/consideratepouchers.org\/\",\"logo\":{\"@type\":\"ImageObject\",\"inLanguage\":\"fr-FR\",\"@id\":\"https:\/\/consideratepouchers.org\/#\/schema\/logo\/image\/\",\"url\":\"https:\/\/consideratepouchers.com\/wp-content\/uploads\/2021\/07\/Considerate-Pouchers-lOGO.png\",\"contentUrl\":\"https:\/\/consideratepouchers.com\/wp-content\/uploads\/2021\/07\/Considerate-Pouchers-lOGO.png\",\"width\":504,\"height\":504,\"caption\":\"Considerate Pouchers\"},\"image\":{\"@id\":\"https:\/\/consideratepouchers.org\/#\/schema\/logo\/image\/\"},\"sameAs\":[\"https:\/\/www.facebook.com\/cpouchers\",\"https:\/\/x.com\/CPouchers\",\"https:\/\/www.instagram.com\/cpouchers\"]},{\"@type\":\"Person\",\"@id\":\"https:\/\/consideratepouchers.org\/#\/schema\/person\/37761c96f91c510a2ff593c27738adc7\",\"name\":\"Considerate Pouchers\",\"url\":\"https:\/\/consideratepouchers.org\/fr\/author\/consideratepouchers\/\"}]}<\/script>\n<!-- \/ Yoast SEO plugin. -->","yoast_head_json":{"title":"June declared pouch awareness month by campaigners","description":"From this year forward we will mark June as \u201cPouch Awareness Month\u201d to raise awareness about the importance of this effective harm-reduction tool.\u00a0","robots":{"index":"index","follow":"follow","max-snippet":"max-snippet:-1","max-image-preview":"max-image-preview:large","max-video-preview":"max-video-preview:-1"},"canonical":"https:\/\/consideratepouchers.org\/fr\/juin-declare-mois-de-sensibilisation-aux-pochettes-par-les-militants\/","og_locale":"fr_FR","og_type":"article","og_title":"June declared pouch awareness month by campaigners","og_description":"From this year forward we will mark June as \u201cPouch Awareness Month\u201d to raise awareness about the importance of this effective harm-reduction tool.\u00a0","og_url":"https:\/\/consideratepouchers.org\/fr\/juin-declare-mois-de-sensibilisation-aux-pochettes-par-les-militants\/","og_site_name":"Considerate Pouchers","article_publisher":"https:\/\/www.facebook.com\/cpouchers","article_published_time":"2024-06-06T04:47:53+00:00","article_modified_time":"2024-06-06T13:14:56+00:00","og_image":[{"width":1024,"height":945,"url":"https:\/\/consideratepouchers.org\/wp-content\/uploads\/2024\/06\/nicotine-pouch-blog-image-1024x945.png","type":"image\/png"}],"author":"Considerate Pouchers","twitter_card":"summary_large_image","twitter_creator":"@CPouchers","twitter_site":"@CPouchers","twitter_misc":{"\u00c9crit par":"Considerate Pouchers","Dur\u00e9e de lecture estim\u00e9e":"2 minutes"},"schema":{"@context":"https:\/\/schema.org","@graph":[{"@type":"Article","@id":"https:\/\/consideratepouchers.org\/june-declared-pouch-awareness-month-by-campaigners\/#article","isPartOf":{"@id":"https:\/\/consideratepouchers.org\/june-declared-pouch-awareness-month-by-campaigners\/"},"author":{"name":"Considerate Pouchers","@id":"https:\/\/consideratepouchers.org\/#\/schema\/person\/37761c96f91c510a2ff593c27738adc7"},"headline":"June declared pouch awareness month by campaigners","datePublished":"2024-06-06T04:47:53+00:00","dateModified":"2024-06-06T13:14:56+00:00","mainEntityOfPage":{"@id":"https:\/\/consideratepouchers.org\/june-declared-pouch-awareness-month-by-campaigners\/"},"wordCount":375,"publisher":{"@id":"https:\/\/consideratepouchers.org\/#organization"},"image":{"@id":"https:\/\/consideratepouchers.org\/june-declared-pouch-awareness-month-by-campaigners\/#primaryimage"},"thumbnailUrl":"https:\/\/consideratepouchers.org\/wp-content\/uploads\/2024\/06\/nicotine-pouch-blog-image.png","articleSection":["Blog"],"inLanguage":"fr-FR"},{"@type":"WebPage","@id":"https:\/\/consideratepouchers.org\/june-declared-pouch-awareness-month-by-campaigners\/","url":"https:\/\/consideratepouchers.org\/june-declared-pouch-awareness-month-by-campaigners\/","name":"June declared pouch awareness month by campaigners","isPartOf":{"@id":"https:\/\/consideratepouchers.org\/#website"},"primaryImageOfPage":{"@id":"https:\/\/consideratepouchers.org\/june-declared-pouch-awareness-month-by-campaigners\/#primaryimage"},"image":{"@id":"https:\/\/consideratepouchers.org\/june-declared-pouch-awareness-month-by-campaigners\/#primaryimage"},"thumbnailUrl":"https:\/\/consideratepouchers.org\/wp-content\/uploads\/2024\/06\/nicotine-pouch-blog-image.png","datePublished":"2024-06-06T04:47:53+00:00","dateModified":"2024-06-06T13:14:56+00:00","description":"From this year forward we will mark June as \u201cPouch Awareness Month\u201d to raise awareness about the importance of this effective harm-reduction tool.\u00a0","breadcrumb":{"@id":"https:\/\/consideratepouchers.org\/june-declared-pouch-awareness-month-by-campaigners\/#breadcrumb"},"inLanguage":"fr-FR","potentialAction":[{"@type":"ReadAction","target":["https:\/\/consideratepouchers.org\/june-declared-pouch-awareness-month-by-campaigners\/"]}]},{"@type":"ImageObject","inLanguage":"fr-FR","@id":"https:\/\/consideratepouchers.org\/june-declared-pouch-awareness-month-by-campaigners\/#primaryimage","url":"https:\/\/consideratepouchers.org\/wp-content\/uploads\/2024\/06\/nicotine-pouch-blog-image.png","contentUrl":"https:\/\/consideratepouchers.org\/wp-content\/uploads\/2024\/06\/nicotine-pouch-blog-image.png","width":2081,"height":1920},{"@type":"BreadcrumbList","@id":"https:\/\/consideratepouchers.org\/june-declared-pouch-awareness-month-by-campaigners\/#breadcrumb","itemListElement":[{"@type":"ListItem","position":1,"name":"Home","item":"https:\/\/consideratepouchers.org\/"},{"@type":"ListItem","position":2,"name":"June declared pouch awareness month by campaigners"}]},{"@type":"WebSite","@id":"https:\/\/consideratepouchers.org\/#website","url":"https:\/\/consideratepouchers.org\/","name":"Considerate Pouchers","description":"Improving Health &amp; Combatting Misinformation","publisher":{"@id":"https:\/\/consideratepouchers.org\/#organization"},"potentialAction":[{"@type":"SearchAction","target":{"@type":"EntryPoint","urlTemplate":"https:\/\/consideratepouchers.org\/?s={search_term_string}"},"query-input":{"@type":"PropertyValueSpecification","valueRequired":true,"valueName":"search_term_string"}}],"inLanguage":"fr-FR"},{"@type":"Organization","@id":"https:\/\/consideratepouchers.org\/#organization","name":"Considerate Pouchers","url":"https:\/\/consideratepouchers.org\/","logo":{"@type":"ImageObject","inLanguage":"fr-FR","@id":"https:\/\/consideratepouchers.org\/#\/schema\/logo\/image\/","url":"https:\/\/consideratepouchers.com\/wp-content\/uploads\/2021\/07\/Considerate-Pouchers-lOGO.png","contentUrl":"https:\/\/consideratepouchers.com\/wp-content\/uploads\/2021\/07\/Considerate-Pouchers-lOGO.png","width":504,"height":504,"caption":"Considerate Pouchers"},"image":{"@id":"https:\/\/consideratepouchers.org\/#\/schema\/logo\/image\/"},"sameAs":["https:\/\/www.facebook.com\/cpouchers","https:\/\/x.com\/CPouchers","https:\/\/www.instagram.com\/cpouchers"]},{"@type":"Person","@id":"https:\/\/consideratepouchers.org\/#\/schema\/person\/37761c96f91c510a2ff593c27738adc7","name":"Considerate Pouchers","url":"https:\/\/consideratepouchers.org\/fr\/author\/consideratepouchers\/"}]}},"jetpack_featured_media_url":"https:\/\/consideratepouchers.org\/wp-content\/uploads\/2024\/06\/nicotine-pouch-blog-image.png","_links":{"self":[{"href":"https:\/\/consideratepouchers.org\/fr\/wp-json\/wp\/v2\/posts\/3077","targetHints":{"allow":["GET"]}}],"collection":[{"href":"https:\/\/consideratepouchers.org\/fr\/wp-json\/wp\/v2\/posts"}],"about":[{"href":"https:\/\/consideratepouchers.org\/fr\/wp-json\/wp\/v2\/types\/post"}],"author":[{"embeddable":true,"href":"https:\/\/consideratepouchers.org\/fr\/wp-json\/wp\/v2\/users\/11"}],"replies":[{"embeddable":true,"href":"https:\/\/consideratepouchers.org\/fr\/wp-json\/wp\/v2\/comments?post=3077"}],"version-history":[{"count":0,"href":"https:\/\/consideratepouchers.org\/fr\/wp-json\/wp\/v2\/posts\/3077\/revisions"}],"wp:featuredmedia":[{"embeddable":true,"href":"https:\/\/consideratepouchers.org\/fr\/wp-json\/wp\/v2\/media\/3078"}],"wp:attachment":[{"href":"https:\/\/consideratepouchers.org\/fr\/wp-json\/wp\/v2\/media?parent=3077"}],"wp:term":[{"taxonomy":"category","embeddable":true,"href":"https:\/\/consideratepouchers.org\/fr\/wp-json\/wp\/v2\/categories?post=3077"},{"taxonomy":"post_tag","embeddable":true,"href":"https:\/\/consideratepouchers.org\/fr\/wp-json\/wp\/v2\/tags?post=3077"}],"curies":[{"name":"wp","href":"https:\/\/api.w.org\/{rel}","templated":true}]}}