{"id":3406,"date":"2025-04-16T16:49:35","date_gmt":"2025-04-16T16:49:35","guid":{"rendered":"https:\/\/consideratepouchers.org\/?p=3406"},"modified":"2025-04-16T16:54:50","modified_gmt":"2025-04-16T16:54:50","slug":"luxembourgs-war-on-common-sense-a-nicotine-pouch-cap-nobody-asked-for","status":"publish","type":"post","link":"https:\/\/consideratepouchers.org\/fr\/les-luxembourgs-font-la-guerre-au-bon-sens-une-pochette-de-nicotine-que-personne-na-demandee\/","title":{"rendered":"La guerre du Luxembourg contre le bon sens : un plafond de nicotine que personne n&#039;a demand\u00e9"},"content":{"rendered":"<p>Voici donc l&#039;histoire : le Luxembourg, un petit pays avec tr\u00e8s peu de fumeurs mais apparemment beaucoup de temps libre, a d\u00e9cid\u00e9 de se battre contre l&#039;un des outils de r\u00e9duction des risques les plus prometteurs de la sant\u00e9 publique moderne : les sachets de nicotine.<\/p>\n\n\n\n<p>Leur <a href=\"https:\/\/tobaccointelligence.com\/eu-commission-raises-concerns-over-luxembourgs-plan-to-regulate-pouches\/\" target=\"_blank\" rel=\"noreferrer noopener\">projet de loi<\/a>, soumis \u00e0 l&#039;UE, propose un plafond de nicotine de <strong>0,048 mg par sachet<\/strong>.<\/p>\n\n\n\n<p>Oui, vous avez bien lu. Pas 4,8. M\u00eame pas 0,5. <strong>Z\u00e9ro virgule z\u00e9ro quatre huit.<\/strong><\/p>\n\n\n\n<p>Ce n&#039;est m\u00eame pas suffisant pour apaiser une envie irr\u00e9sistible, \u00e0 moins d&#039;\u00eatre un hamster. Quiconque a d\u00e9j\u00e0 utilis\u00e9 un sachet sait que le taux de nicotine n&#039;a aucun effet. C&#039;est un placebo, pas une r\u00e8gle.<\/p>\n\n\n\n<p>Ce n&#039;est pas une r\u00e8gle. C&#039;est une fa\u00e7on polie de dire\u00a0: \u00ab\u00a0Nous pr\u00e9f\u00e9rerions que vous recommenciez \u00e0 fumer.\u00a0\u00bb<\/p>\n\n\n\n<p>Vous vous demandez peut-\u00eatre : pourquoi ce chiffre ? Existe-t-il une \u00e9tude ? Une justification scientifique ? Des donn\u00e9es ?<\/p>\n\n\n\n<p><a href=\"https:\/\/clearingtheair.eu\/en\/post\/luxembourg-criticised-for-proposing-de-facto-ban-on-nicotine-pouches\/\" target=\"_blank\" rel=\"noreferrer noopener\">Il n&#039;y en a pas.<\/a><\/p>\n\n\n\n<p>Et l\u2019UE l\u2019a remarqu\u00e9. <strong>Gr\u00e8ce<\/strong> appel\u00e9 le bouchon <em>&quot;disproportionn\u00e9&quot;<\/em>. <strong>Su\u00e8de<\/strong> \u2014 le seul pays d&#039;Europe qui est <a href=\"https:\/\/www.folkhalsomyndigheten.se\/the-public-health-agency-of-sweden\/living-conditions-and-lifestyle\/andtg\/tobacco\/use-of-tobacco-and-nicotine-products\/\" target=\"_blank\" rel=\"noreferrer noopener\">pratiquement sans fum\u00e9e<\/a> gr\u00e2ce aux sachets et au Snus \u2014 a averti que la mesure <strong>an\u00e9antir tout le march\u00e9<\/strong>. Et m\u00eame le <strong>Commission europ\u00e9enne<\/strong> soulev\u00e9 des pr\u00e9occupations juridiques, rappelant au Luxembourg que <strong>avertissements sanitaires graphiques<\/strong> ne s&#039;appliquent m\u00eame pas \u00e0 ces produits en vertu du droit de l&#039;UE.<\/p>\n\n\n\n<p>Mais la vraie question est : pourquoi cela se produit-il ?<\/p>\n\n\n\n<p>Les sachets de nicotine sont <a href=\"https:\/\/pubmed.ncbi.nlm.nih.gov\/34034614\/\" target=\"_blank\" rel=\"noreferrer noopener\">de mani\u00e8re significative<\/a> Moins nocifs. Ils ne br\u00fblent pas. Ils ne produisent pas de fum\u00e9e. Ils ne polluent pas vos v\u00eatements et ne g\u00eanent pas votre entourage. Ils sont discrets, propres et, pour des millions de fumeurs, efficaces.<\/p>\n\n\n\n<p>Alors, quelle est la menace ?<\/p>\n\n\n\n<p>Ironiquement, le risque est apparemment que les gens les choisissent plut\u00f4t que d&#039;en fumer une. Le risque est que les adultes puissent arr\u00eater de fumer et \u00eatre en meilleure sant\u00e9.<\/p>\n\n\n\n<p>Chez Considerate Pouchers, nous pensons que si un produit <strong>ne fait pas de mal aux autres<\/strong>, <strong>aide les gens \u00e0 arr\u00eater de fumer<\/strong>, et <strong>a un profil de risque plus faible<\/strong>, alors les gouvernements devraient s\u2019\u00e9carter et laisser les gens choisir des alternatives plus s\u00fbres.<\/p>\n\n\n\n<p>La seule explication logique est que la proposition du Luxembourg n&#039;est pas une question de sant\u00e9. C&#039;est une question d&#039;image. Il s&#039;agit d&#039;\u00eatre per\u00e7u comme \u00ab ferme \u00bb sur la nicotine, m\u00eame si cela signifie inciter les gens \u00e0 recommencer \u00e0 fumer.<\/p>\n\n\n\n<p>Appelons cela par son nom : un plafond excessif <strong>d\u00e9guis\u00e9 en r\u00e9glementation sur quelque chose qui aide les gens \u00e0 arr\u00eater de fumer<\/strong>, et une attaque directe contre l\u2019innovation, le choix et la responsabilit\u00e9 personnelle.<\/p>\n\n\n\n<p>Nous exhortons les l\u00e9gislateurs du Luxembourg \u2014 et de toute l\u2019UE \u2014 \u00e0 <strong>rejeter les politiques fond\u00e9es sur la peur<\/strong>, et suivez plut\u00f4t les faits.<\/p>\n\n\n\n<p>Parce que dans la lutte contre le tabagisme, <strong>les sachets de nicotine ne sont pas l&#039;ennemi<\/strong>.<\/p>\n\n\n\n<p>Ils sont la solution.<\/p>","protected":false},"excerpt":{"rendered":"<p>Voici donc l&#039;histoire\u00a0: le Luxembourg, un petit pays avec tr\u00e8s peu de fumeurs mais apparemment beaucoup de temps libre, a d\u00e9cid\u00e9 de s&#039;attaquer \u00e0 l&#039;un des outils de r\u00e9duction des risques les plus prometteurs en mati\u00e8re de sant\u00e9 publique moderne\u00a0: les sachets de nicotine. Leur projet de loi, soumis \u00e0 l&#039;UE, propose un plafond de nicotine \u00e0 0,048\u00a0% [\u2026]<\/p>","protected":false},"author":13,"featured_media":3407,"comment_status":"closed","ping_status":"open","sticky":false,"template":"","format":"standard","meta":{"footnotes":""},"categories":[9],"tags":[],"class_list":["post-3406","post","type-post","status-publish","format-standard","has-post-thumbnail","hentry","category-blog"],"yoast_head":"<!-- This site is optimized with the Yoast SEO plugin v25.0 - https:\/\/yoast.com\/wordpress\/plugins\/seo\/ -->\n<title>Luxembourg\u2019s Nicotine Pouch Cap Nobody Asked For<\/title>\n<meta name=\"description\" content=\"Luxembourg has decided to pick a fight with one of the most promising harm reduction tools in modern public health: nicotine pouches.\" \/>\n<meta name=\"robots\" content=\"index, follow, max-snippet:-1, max-image-preview:large, max-video-preview:-1\" \/>\n<link rel=\"canonical\" href=\"https:\/\/consideratepouchers.org\/fr\/les-luxembourgs-font-la-guerre-au-bon-sens-une-pochette-de-nicotine-que-personne-na-demandee\/\" \/>\n<meta property=\"og:locale\" content=\"fr_FR\" \/>\n<meta property=\"og:type\" content=\"article\" \/>\n<meta property=\"og:title\" content=\"Luxembourg\u2019s Nicotine Pouch Cap Nobody Asked For\" \/>\n<meta property=\"og:description\" content=\"Luxembourg has decided to pick a fight with one of the most promising harm reduction tools in modern public health: nicotine pouches.\" \/>\n<meta property=\"og:url\" content=\"https:\/\/consideratepouchers.org\/fr\/les-luxembourgs-font-la-guerre-au-bon-sens-une-pochette-de-nicotine-que-personne-na-demandee\/\" \/>\n<meta property=\"og:site_name\" content=\"Considerate Pouchers\" \/>\n<meta property=\"article:publisher\" content=\"https:\/\/www.facebook.com\/cpouchers\" \/>\n<meta property=\"article:published_time\" content=\"2025-04-16T16:49:35+00:00\" \/>\n<meta property=\"article:modified_time\" content=\"2025-04-16T16:54:50+00:00\" \/>\n<meta property=\"og:image\" content=\"https:\/\/consideratepouchers.org\/wp-content\/uploads\/2025\/04\/nicotine-pouch-blog-1024x945.png\" \/>\n\t<meta property=\"og:image:width\" content=\"1024\" \/>\n\t<meta property=\"og:image:height\" content=\"945\" \/>\n\t<meta property=\"og:image:type\" content=\"image\/png\" \/>\n<meta name=\"author\" content=\"Juan Taborcia\" \/>\n<meta name=\"twitter:card\" content=\"summary_large_image\" \/>\n<meta name=\"twitter:creator\" content=\"@CPouchers\" \/>\n<meta name=\"twitter:site\" content=\"@CPouchers\" \/>\n<meta name=\"twitter:label1\" content=\"\u00c9crit par\" \/>\n\t<meta name=\"twitter:data1\" content=\"Juan Taborcia\" \/>\n\t<meta name=\"twitter:label2\" content=\"Dur\u00e9e de lecture estim\u00e9e\" \/>\n\t<meta name=\"twitter:data2\" content=\"2 minutes\" \/>\n<script type=\"application\/ld+json\" class=\"yoast-schema-graph\">{\"@context\":\"https:\/\/schema.org\",\"@graph\":[{\"@type\":\"Article\",\"@id\":\"https:\/\/consideratepouchers.org\/luxembourgs-war-on-common-sense-a-nicotine-pouch-cap-nobody-asked-for\/#article\",\"isPartOf\":{\"@id\":\"https:\/\/consideratepouchers.org\/luxembourgs-war-on-common-sense-a-nicotine-pouch-cap-nobody-asked-for\/\"},\"author\":{\"name\":\"Juan Taborcia\",\"@id\":\"https:\/\/consideratepouchers.org\/#\/schema\/person\/0f5a68e74cddc0ec762ddf9ae8cb6cc8\"},\"headline\":\"Luxembourg\u2019s War on Common Sense: A Nicotine Cap Nobody Asked For\",\"datePublished\":\"2025-04-16T16:49:35+00:00\",\"dateModified\":\"2025-04-16T16:54:50+00:00\",\"mainEntityOfPage\":{\"@id\":\"https:\/\/consideratepouchers.org\/luxembourgs-war-on-common-sense-a-nicotine-pouch-cap-nobody-asked-for\/\"},\"wordCount\":433,\"publisher\":{\"@id\":\"https:\/\/consideratepouchers.org\/#organization\"},\"image\":{\"@id\":\"https:\/\/consideratepouchers.org\/luxembourgs-war-on-common-sense-a-nicotine-pouch-cap-nobody-asked-for\/#primaryimage\"},\"thumbnailUrl\":\"https:\/\/consideratepouchers.org\/wp-content\/uploads\/2025\/04\/nicotine-pouch-blog.png\",\"articleSection\":[\"Blog\"],\"inLanguage\":\"fr-FR\"},{\"@type\":\"WebPage\",\"@id\":\"https:\/\/consideratepouchers.org\/luxembourgs-war-on-common-sense-a-nicotine-pouch-cap-nobody-asked-for\/\",\"url\":\"https:\/\/consideratepouchers.org\/luxembourgs-war-on-common-sense-a-nicotine-pouch-cap-nobody-asked-for\/\",\"name\":\"Luxembourg\u2019s Nicotine Pouch Cap Nobody Asked For\",\"isPartOf\":{\"@id\":\"https:\/\/consideratepouchers.org\/#website\"},\"primaryImageOfPage\":{\"@id\":\"https:\/\/consideratepouchers.org\/luxembourgs-war-on-common-sense-a-nicotine-pouch-cap-nobody-asked-for\/#primaryimage\"},\"image\":{\"@id\":\"https:\/\/consideratepouchers.org\/luxembourgs-war-on-common-sense-a-nicotine-pouch-cap-nobody-asked-for\/#primaryimage\"},\"thumbnailUrl\":\"https:\/\/consideratepouchers.org\/wp-content\/uploads\/2025\/04\/nicotine-pouch-blog.png\",\"datePublished\":\"2025-04-16T16:49:35+00:00\",\"dateModified\":\"2025-04-16T16:54:50+00:00\",\"description\":\"Luxembourg has decided to pick a fight with one of the most promising harm reduction tools in modern public health: nicotine pouches.\",\"breadcrumb\":{\"@id\":\"https:\/\/consideratepouchers.org\/luxembourgs-war-on-common-sense-a-nicotine-pouch-cap-nobody-asked-for\/#breadcrumb\"},\"inLanguage\":\"fr-FR\",\"potentialAction\":[{\"@type\":\"ReadAction\",\"target\":[\"https:\/\/consideratepouchers.org\/luxembourgs-war-on-common-sense-a-nicotine-pouch-cap-nobody-asked-for\/\"]}]},{\"@type\":\"ImageObject\",\"inLanguage\":\"fr-FR\",\"@id\":\"https:\/\/consideratepouchers.org\/luxembourgs-war-on-common-sense-a-nicotine-pouch-cap-nobody-asked-for\/#primaryimage\",\"url\":\"https:\/\/consideratepouchers.org\/wp-content\/uploads\/2025\/04\/nicotine-pouch-blog.png\",\"contentUrl\":\"https:\/\/consideratepouchers.org\/wp-content\/uploads\/2025\/04\/nicotine-pouch-blog.png\",\"width\":2081,\"height\":1920},{\"@type\":\"BreadcrumbList\",\"@id\":\"https:\/\/consideratepouchers.org\/luxembourgs-war-on-common-sense-a-nicotine-pouch-cap-nobody-asked-for\/#breadcrumb\",\"itemListElement\":[{\"@type\":\"ListItem\",\"position\":1,\"name\":\"Home\",\"item\":\"https:\/\/consideratepouchers.org\/\"},{\"@type\":\"ListItem\",\"position\":2,\"name\":\"Luxembourg\u2019s War on Common Sense: A Nicotine Cap Nobody Asked For\"}]},{\"@type\":\"WebSite\",\"@id\":\"https:\/\/consideratepouchers.org\/#website\",\"url\":\"https:\/\/consideratepouchers.org\/\",\"name\":\"Considerate Pouchers\",\"description\":\"Improving Health &amp; Combatting Misinformation\",\"publisher\":{\"@id\":\"https:\/\/consideratepouchers.org\/#organization\"},\"potentialAction\":[{\"@type\":\"SearchAction\",\"target\":{\"@type\":\"EntryPoint\",\"urlTemplate\":\"https:\/\/consideratepouchers.org\/?s={search_term_string}\"},\"query-input\":{\"@type\":\"PropertyValueSpecification\",\"valueRequired\":true,\"valueName\":\"search_term_string\"}}],\"inLanguage\":\"fr-FR\"},{\"@type\":\"Organization\",\"@id\":\"https:\/\/consideratepouchers.org\/#organization\",\"name\":\"Considerate Pouchers\",\"url\":\"https:\/\/consideratepouchers.org\/\",\"logo\":{\"@type\":\"ImageObject\",\"inLanguage\":\"fr-FR\",\"@id\":\"https:\/\/consideratepouchers.org\/#\/schema\/logo\/image\/\",\"url\":\"https:\/\/consideratepouchers.com\/wp-content\/uploads\/2021\/07\/Considerate-Pouchers-lOGO.png\",\"contentUrl\":\"https:\/\/consideratepouchers.com\/wp-content\/uploads\/2021\/07\/Considerate-Pouchers-lOGO.png\",\"width\":504,\"height\":504,\"caption\":\"Considerate Pouchers\"},\"image\":{\"@id\":\"https:\/\/consideratepouchers.org\/#\/schema\/logo\/image\/\"},\"sameAs\":[\"https:\/\/www.facebook.com\/cpouchers\",\"https:\/\/x.com\/CPouchers\",\"https:\/\/www.instagram.com\/cpouchers\"]},{\"@type\":\"Person\",\"@id\":\"https:\/\/consideratepouchers.org\/#\/schema\/person\/0f5a68e74cddc0ec762ddf9ae8cb6cc8\",\"name\":\"Juan Taborcia\",\"url\":\"https:\/\/consideratepouchers.org\/fr\/author\/juan\/\"}]}<\/script>\n<!-- \/ Yoast SEO plugin. -->","yoast_head_json":{"title":"Luxembourg\u2019s Nicotine Pouch Cap Nobody Asked For","description":"Luxembourg has decided to pick a fight with one of the most promising harm reduction tools in modern public health: nicotine pouches.","robots":{"index":"index","follow":"follow","max-snippet":"max-snippet:-1","max-image-preview":"max-image-preview:large","max-video-preview":"max-video-preview:-1"},"canonical":"https:\/\/consideratepouchers.org\/fr\/les-luxembourgs-font-la-guerre-au-bon-sens-une-pochette-de-nicotine-que-personne-na-demandee\/","og_locale":"fr_FR","og_type":"article","og_title":"Luxembourg\u2019s Nicotine Pouch Cap Nobody Asked For","og_description":"Luxembourg has decided to pick a fight with one of the most promising harm reduction tools in modern public health: nicotine pouches.","og_url":"https:\/\/consideratepouchers.org\/fr\/les-luxembourgs-font-la-guerre-au-bon-sens-une-pochette-de-nicotine-que-personne-na-demandee\/","og_site_name":"Considerate Pouchers","article_publisher":"https:\/\/www.facebook.com\/cpouchers","article_published_time":"2025-04-16T16:49:35+00:00","article_modified_time":"2025-04-16T16:54:50+00:00","og_image":[{"width":1024,"height":945,"url":"https:\/\/consideratepouchers.org\/wp-content\/uploads\/2025\/04\/nicotine-pouch-blog-1024x945.png","type":"image\/png"}],"author":"Juan Taborcia","twitter_card":"summary_large_image","twitter_creator":"@CPouchers","twitter_site":"@CPouchers","twitter_misc":{"\u00c9crit par":"Juan Taborcia","Dur\u00e9e de lecture estim\u00e9e":"2 minutes"},"schema":{"@context":"https:\/\/schema.org","@graph":[{"@type":"Article","@id":"https:\/\/consideratepouchers.org\/luxembourgs-war-on-common-sense-a-nicotine-pouch-cap-nobody-asked-for\/#article","isPartOf":{"@id":"https:\/\/consideratepouchers.org\/luxembourgs-war-on-common-sense-a-nicotine-pouch-cap-nobody-asked-for\/"},"author":{"name":"Juan Taborcia","@id":"https:\/\/consideratepouchers.org\/#\/schema\/person\/0f5a68e74cddc0ec762ddf9ae8cb6cc8"},"headline":"Luxembourg\u2019s War on Common Sense: A Nicotine Cap Nobody Asked For","datePublished":"2025-04-16T16:49:35+00:00","dateModified":"2025-04-16T16:54:50+00:00","mainEntityOfPage":{"@id":"https:\/\/consideratepouchers.org\/luxembourgs-war-on-common-sense-a-nicotine-pouch-cap-nobody-asked-for\/"},"wordCount":433,"publisher":{"@id":"https:\/\/consideratepouchers.org\/#organization"},"image":{"@id":"https:\/\/consideratepouchers.org\/luxembourgs-war-on-common-sense-a-nicotine-pouch-cap-nobody-asked-for\/#primaryimage"},"thumbnailUrl":"https:\/\/consideratepouchers.org\/wp-content\/uploads\/2025\/04\/nicotine-pouch-blog.png","articleSection":["Blog"],"inLanguage":"fr-FR"},{"@type":"WebPage","@id":"https:\/\/consideratepouchers.org\/luxembourgs-war-on-common-sense-a-nicotine-pouch-cap-nobody-asked-for\/","url":"https:\/\/consideratepouchers.org\/luxembourgs-war-on-common-sense-a-nicotine-pouch-cap-nobody-asked-for\/","name":"Luxembourg\u2019s Nicotine Pouch Cap Nobody Asked For","isPartOf":{"@id":"https:\/\/consideratepouchers.org\/#website"},"primaryImageOfPage":{"@id":"https:\/\/consideratepouchers.org\/luxembourgs-war-on-common-sense-a-nicotine-pouch-cap-nobody-asked-for\/#primaryimage"},"image":{"@id":"https:\/\/consideratepouchers.org\/luxembourgs-war-on-common-sense-a-nicotine-pouch-cap-nobody-asked-for\/#primaryimage"},"thumbnailUrl":"https:\/\/consideratepouchers.org\/wp-content\/uploads\/2025\/04\/nicotine-pouch-blog.png","datePublished":"2025-04-16T16:49:35+00:00","dateModified":"2025-04-16T16:54:50+00:00","description":"Luxembourg has decided to pick a fight with one of the most promising harm reduction tools in modern public health: nicotine pouches.","breadcrumb":{"@id":"https:\/\/consideratepouchers.org\/luxembourgs-war-on-common-sense-a-nicotine-pouch-cap-nobody-asked-for\/#breadcrumb"},"inLanguage":"fr-FR","potentialAction":[{"@type":"ReadAction","target":["https:\/\/consideratepouchers.org\/luxembourgs-war-on-common-sense-a-nicotine-pouch-cap-nobody-asked-for\/"]}]},{"@type":"ImageObject","inLanguage":"fr-FR","@id":"https:\/\/consideratepouchers.org\/luxembourgs-war-on-common-sense-a-nicotine-pouch-cap-nobody-asked-for\/#primaryimage","url":"https:\/\/consideratepouchers.org\/wp-content\/uploads\/2025\/04\/nicotine-pouch-blog.png","contentUrl":"https:\/\/consideratepouchers.org\/wp-content\/uploads\/2025\/04\/nicotine-pouch-blog.png","width":2081,"height":1920},{"@type":"BreadcrumbList","@id":"https:\/\/consideratepouchers.org\/luxembourgs-war-on-common-sense-a-nicotine-pouch-cap-nobody-asked-for\/#breadcrumb","itemListElement":[{"@type":"ListItem","position":1,"name":"Home","item":"https:\/\/consideratepouchers.org\/"},{"@type":"ListItem","position":2,"name":"Luxembourg\u2019s War on Common Sense: A Nicotine Cap Nobody Asked For"}]},{"@type":"WebSite","@id":"https:\/\/consideratepouchers.org\/#website","url":"https:\/\/consideratepouchers.org\/","name":"Considerate Pouchers","description":"Improving Health &amp; Combatting Misinformation","publisher":{"@id":"https:\/\/consideratepouchers.org\/#organization"},"potentialAction":[{"@type":"SearchAction","target":{"@type":"EntryPoint","urlTemplate":"https:\/\/consideratepouchers.org\/?s={search_term_string}"},"query-input":{"@type":"PropertyValueSpecification","valueRequired":true,"valueName":"search_term_string"}}],"inLanguage":"fr-FR"},{"@type":"Organization","@id":"https:\/\/consideratepouchers.org\/#organization","name":"Considerate Pouchers","url":"https:\/\/consideratepouchers.org\/","logo":{"@type":"ImageObject","inLanguage":"fr-FR","@id":"https:\/\/consideratepouchers.org\/#\/schema\/logo\/image\/","url":"https:\/\/consideratepouchers.com\/wp-content\/uploads\/2021\/07\/Considerate-Pouchers-lOGO.png","contentUrl":"https:\/\/consideratepouchers.com\/wp-content\/uploads\/2021\/07\/Considerate-Pouchers-lOGO.png","width":504,"height":504,"caption":"Considerate Pouchers"},"image":{"@id":"https:\/\/consideratepouchers.org\/#\/schema\/logo\/image\/"},"sameAs":["https:\/\/www.facebook.com\/cpouchers","https:\/\/x.com\/CPouchers","https:\/\/www.instagram.com\/cpouchers"]},{"@type":"Person","@id":"https:\/\/consideratepouchers.org\/#\/schema\/person\/0f5a68e74cddc0ec762ddf9ae8cb6cc8","name":"Juan Taborcia","url":"https:\/\/consideratepouchers.org\/fr\/author\/juan\/"}]}},"jetpack_featured_media_url":"https:\/\/consideratepouchers.org\/wp-content\/uploads\/2025\/04\/nicotine-pouch-blog.png","_links":{"self":[{"href":"https:\/\/consideratepouchers.org\/fr\/wp-json\/wp\/v2\/posts\/3406","targetHints":{"allow":["GET"]}}],"collection":[{"href":"https:\/\/consideratepouchers.org\/fr\/wp-json\/wp\/v2\/posts"}],"about":[{"href":"https:\/\/consideratepouchers.org\/fr\/wp-json\/wp\/v2\/types\/post"}],"author":[{"embeddable":true,"href":"https:\/\/consideratepouchers.org\/fr\/wp-json\/wp\/v2\/users\/13"}],"replies":[{"embeddable":true,"href":"https:\/\/consideratepouchers.org\/fr\/wp-json\/wp\/v2\/comments?post=3406"}],"version-history":[{"count":0,"href":"https:\/\/consideratepouchers.org\/fr\/wp-json\/wp\/v2\/posts\/3406\/revisions"}],"wp:featuredmedia":[{"embeddable":true,"href":"https:\/\/consideratepouchers.org\/fr\/wp-json\/wp\/v2\/media\/3407"}],"wp:attachment":[{"href":"https:\/\/consideratepouchers.org\/fr\/wp-json\/wp\/v2\/media?parent=3406"}],"wp:term":[{"taxonomy":"category","embeddable":true,"href":"https:\/\/consideratepouchers.org\/fr\/wp-json\/wp\/v2\/categories?post=3406"},{"taxonomy":"post_tag","embeddable":true,"href":"https:\/\/consideratepouchers.org\/fr\/wp-json\/wp\/v2\/tags?post=3406"}],"curies":[{"name":"wp","href":"https:\/\/api.w.org\/{rel}","templated":true}]}}