{"id":3613,"date":"2025-09-09T07:27:42","date_gmt":"2025-09-09T07:27:42","guid":{"rendered":"https:\/\/consideratepouchers.org\/?p=3613"},"modified":"2025-09-09T07:29:49","modified_gmt":"2025-09-09T07:29:49","slug":"consumers-in-paris-rally-at-place-de-la-republique","status":"publish","type":"post","link":"https:\/\/consideratepouchers.org\/fr\/les-consommateurs-parisiens-se-rassemblent-place-de-la-republique\/","title":{"rendered":"Les consommateurs parisiens se rassemblent place de la R\u00e9publique"},"content":{"rendered":"<h4 class=\"wp-block-heading\">\u00ab\u00a0Prot\u00e9gez les sachets\u00a0\u2013 La France doit adopter la r\u00e9duction des risques\u00a0\u00bb<\/h4>\n\n\n\n<p>Paris, 8-9 septembre 2025 \u2013 Place de la R\u00e9publique, les consommateurs fran\u00e7ais ont rejoint la campagne europ\u00e9enne Protect Pouches pour appeler les d\u00e9cideurs politiques \u00e0 garantir l\u2019acc\u00e8s aux sachets de nicotine \u2013 une alternative vitale pour les fumeurs.<\/p>\n\n\n\n<p>Des Parisiens ont partag\u00e9 des t\u00e9moignages personnels sur la fa\u00e7on dont les sachets de nicotine les ont aid\u00e9s \u00e0 arr\u00eater de fumer ou \u00e0 rester loin de la cigarette. Ces t\u00e9moignages seront pr\u00e9sent\u00e9s aux d\u00e9cideurs bruxellois dans le cadre d&#039;un mouvement en pleine expansion.<\/p>\n\n\n\n<p>Alors que la France n&#039;a pas encore adopt\u00e9 d&#039;interdiction totale plus t\u00f4t cette ann\u00e9e, le gouvernement envisage d&#039;imposer une r\u00e9glementation stricte qui menace les sachets de nicotine. Les consommateurs craignent que, sans leur voix, les r\u00e8gles de demain n&#039;entra\u00eenent un acc\u00e8s restreint, voire une interdiction de fait.<\/p>\n\n\n\n<p>\u00ab La Su\u00e8de a d\u00e9j\u00e0 montr\u00e9 \u00e0 l\u2019Europe la voie \u00e0 suivre : l\u2019innovation, pas la prohibition \u00bb, a d\u00e9clar\u00e9 Juan Taborcia, porte-parole mondial de Considerate Pouchers.<\/p>\n\n\n\n<p>Gr\u00e2ce aux sachets, la Su\u00e8de a r\u00e9duit son taux de tabagisme \u00e0 des niveaux historiquement bas, r\u00e9duisant ainsi les risques de cancer et sauvant des vies. La France peut faire de m\u00eame si elle opte pour des politiques fond\u00e9es sur des donn\u00e9es probantes.<\/p>\n\n\n\n<p>L\u2019action fran\u00e7aise met en avant trois revendications cl\u00e9s :<\/p>\n\n\n\n<ul class=\"wp-block-list\">\n<li>Une r\u00e9glementation \u00e9quilibr\u00e9e et non punitive<br><\/li>\n\n\n\n<li>Protection des ar\u00f4mes qui aident les fumeurs \u00e0 changer de tabac<br><\/li>\n\n\n\n<li>Acc\u00e8s abordable aux sachets pour ceux qui cherchent \u00e0 arr\u00eater de fumer<\/li>\n<\/ul>\n\n\n\n<p>Les consommateurs parisiens soulignent que les sachets sont une alternative sans fum\u00e9e, sans odeur et un choix judicieux qui s&#039;adapte aux modes de vie modernes.<\/p>\n\n\n\n<p>Le rassemblement parisien s&#039;inscrit dans le cadre d&#039;une tourn\u00e9e europ\u00e9enne plus vaste, avec des \u00e9tapes \u00e0 Stockholm, Berlin, Varsovie, Prague et Bruxelles. Chaque \u00e9v\u00e9nement met en avant la voix des consommateurs afin de garantir que les dirigeants europ\u00e9ens comprennent l&#039;impact r\u00e9el des sachets de nicotine.<\/p>","protected":false},"excerpt":{"rendered":"<p>\u00ab\u00a0Prot\u00e9gez les sachets de nicotine\u00a0\u2013 La France doit s&#039;engager dans la r\u00e9duction des risques\u00a0\u00bb Paris, 8 et 9 septembre 2025 \u2013 Place de la R\u00e9publique, des consommateurs fran\u00e7ais ont rejoint la campagne europ\u00e9enne \u00ab\u00a0Prot\u00e9gez les sachets de nicotine\u00a0\u00bb pour appeler les d\u00e9cideurs politiques \u00e0 garantir l&#039;acc\u00e8s aux sachets de nicotine, une alternative vitale pour les fumeurs. Des Parisiens ont partag\u00e9 des t\u00e9moignages sur la fa\u00e7on dont les sachets de nicotine les ont aid\u00e9s \u00e0 arr\u00eater de fumer ou \u00e0 rester [\u2026]<\/p>","protected":false},"author":11,"featured_media":3614,"comment_status":"closed","ping_status":"open","sticky":false,"template":"","format":"standard","meta":{"footnotes":""},"categories":[9],"tags":[],"class_list":["post-3613","post","type-post","status-publish","format-standard","has-post-thumbnail","hentry","category-blog"],"yoast_head":"<!-- This site is optimized with the Yoast SEO plugin v25.0 - https:\/\/yoast.com\/wordpress\/plugins\/seo\/ -->\n<title>Consumers in Paris Rally at Place de la R\u00e9publique - Considerate Pouchers<\/title>\n<meta name=\"description\" content=\"French consumers joined the European campaign Protect Pouches to call on policymakers to safeguard access to nicotine pouches.\" \/>\n<meta name=\"robots\" content=\"index, follow, max-snippet:-1, max-image-preview:large, max-video-preview:-1\" \/>\n<link rel=\"canonical\" href=\"https:\/\/consideratepouchers.org\/fr\/les-consommateurs-parisiens-se-rassemblent-place-de-la-republique\/\" \/>\n<meta property=\"og:locale\" content=\"fr_FR\" \/>\n<meta property=\"og:type\" content=\"article\" \/>\n<meta property=\"og:title\" content=\"Consumers in Paris Rally at Place de la R\u00e9publique - Considerate Pouchers\" \/>\n<meta property=\"og:description\" content=\"French consumers joined the European campaign Protect Pouches to call on policymakers to safeguard access to nicotine pouches.\" \/>\n<meta property=\"og:url\" content=\"https:\/\/consideratepouchers.org\/fr\/les-consommateurs-parisiens-se-rassemblent-place-de-la-republique\/\" \/>\n<meta property=\"og:site_name\" content=\"Considerate Pouchers\" \/>\n<meta property=\"article:publisher\" content=\"https:\/\/www.facebook.com\/cpouchers\" \/>\n<meta property=\"article:published_time\" content=\"2025-09-09T07:27:42+00:00\" \/>\n<meta property=\"article:modified_time\" content=\"2025-09-09T07:29:49+00:00\" \/>\n<meta property=\"og:image\" content=\"https:\/\/consideratepouchers.org\/wp-content\/uploads\/2025\/09\/protect-pouches-bike-tour-Paris-1024x945.png\" \/>\n\t<meta property=\"og:image:width\" content=\"1024\" \/>\n\t<meta property=\"og:image:height\" content=\"945\" \/>\n\t<meta property=\"og:image:type\" content=\"image\/png\" \/>\n<meta name=\"author\" content=\"Considerate Pouchers\" \/>\n<meta name=\"twitter:card\" content=\"summary_large_image\" \/>\n<meta name=\"twitter:creator\" content=\"@CPouchers\" \/>\n<meta name=\"twitter:site\" content=\"@CPouchers\" \/>\n<meta name=\"twitter:label1\" content=\"\u00c9crit par\" \/>\n\t<meta name=\"twitter:data1\" content=\"Considerate Pouchers\" \/>\n\t<meta name=\"twitter:label2\" content=\"Dur\u00e9e de lecture estim\u00e9e\" \/>\n\t<meta name=\"twitter:data2\" content=\"2 minutes\" \/>\n<script type=\"application\/ld+json\" class=\"yoast-schema-graph\">{\"@context\":\"https:\/\/schema.org\",\"@graph\":[{\"@type\":\"Article\",\"@id\":\"https:\/\/consideratepouchers.org\/consumers-in-paris-rally-at-place-de-la-republique\/#article\",\"isPartOf\":{\"@id\":\"https:\/\/consideratepouchers.org\/consumers-in-paris-rally-at-place-de-la-republique\/\"},\"author\":{\"name\":\"Considerate Pouchers\",\"@id\":\"https:\/\/consideratepouchers.org\/#\/schema\/person\/37761c96f91c510a2ff593c27738adc7\"},\"headline\":\"Consumers in Paris Rally at Place de la R\u00e9publique\",\"datePublished\":\"2025-09-09T07:27:42+00:00\",\"dateModified\":\"2025-09-09T07:29:49+00:00\",\"mainEntityOfPage\":{\"@id\":\"https:\/\/consideratepouchers.org\/consumers-in-paris-rally-at-place-de-la-republique\/\"},\"wordCount\":252,\"publisher\":{\"@id\":\"https:\/\/consideratepouchers.org\/#organization\"},\"image\":{\"@id\":\"https:\/\/consideratepouchers.org\/consumers-in-paris-rally-at-place-de-la-republique\/#primaryimage\"},\"thumbnailUrl\":\"https:\/\/consideratepouchers.org\/wp-content\/uploads\/2025\/09\/protect-pouches-bike-tour-Paris.png\",\"articleSection\":[\"Blog\"],\"inLanguage\":\"fr-FR\"},{\"@type\":\"WebPage\",\"@id\":\"https:\/\/consideratepouchers.org\/consumers-in-paris-rally-at-place-de-la-republique\/\",\"url\":\"https:\/\/consideratepouchers.org\/consumers-in-paris-rally-at-place-de-la-republique\/\",\"name\":\"Consumers in Paris Rally at Place de la R\u00e9publique - Considerate Pouchers\",\"isPartOf\":{\"@id\":\"https:\/\/consideratepouchers.org\/#website\"},\"primaryImageOfPage\":{\"@id\":\"https:\/\/consideratepouchers.org\/consumers-in-paris-rally-at-place-de-la-republique\/#primaryimage\"},\"image\":{\"@id\":\"https:\/\/consideratepouchers.org\/consumers-in-paris-rally-at-place-de-la-republique\/#primaryimage\"},\"thumbnailUrl\":\"https:\/\/consideratepouchers.org\/wp-content\/uploads\/2025\/09\/protect-pouches-bike-tour-Paris.png\",\"datePublished\":\"2025-09-09T07:27:42+00:00\",\"dateModified\":\"2025-09-09T07:29:49+00:00\",\"description\":\"French consumers joined the European campaign Protect Pouches to call on policymakers to safeguard access to nicotine pouches.\",\"breadcrumb\":{\"@id\":\"https:\/\/consideratepouchers.org\/consumers-in-paris-rally-at-place-de-la-republique\/#breadcrumb\"},\"inLanguage\":\"fr-FR\",\"potentialAction\":[{\"@type\":\"ReadAction\",\"target\":[\"https:\/\/consideratepouchers.org\/consumers-in-paris-rally-at-place-de-la-republique\/\"]}]},{\"@type\":\"ImageObject\",\"inLanguage\":\"fr-FR\",\"@id\":\"https:\/\/consideratepouchers.org\/consumers-in-paris-rally-at-place-de-la-republique\/#primaryimage\",\"url\":\"https:\/\/consideratepouchers.org\/wp-content\/uploads\/2025\/09\/protect-pouches-bike-tour-Paris.png\",\"contentUrl\":\"https:\/\/consideratepouchers.org\/wp-content\/uploads\/2025\/09\/protect-pouches-bike-tour-Paris.png\",\"width\":2081,\"height\":1920},{\"@type\":\"BreadcrumbList\",\"@id\":\"https:\/\/consideratepouchers.org\/consumers-in-paris-rally-at-place-de-la-republique\/#breadcrumb\",\"itemListElement\":[{\"@type\":\"ListItem\",\"position\":1,\"name\":\"Home\",\"item\":\"https:\/\/consideratepouchers.org\/\"},{\"@type\":\"ListItem\",\"position\":2,\"name\":\"Consumers in Paris Rally at Place de la R\u00e9publique\"}]},{\"@type\":\"WebSite\",\"@id\":\"https:\/\/consideratepouchers.org\/#website\",\"url\":\"https:\/\/consideratepouchers.org\/\",\"name\":\"Considerate Pouchers\",\"description\":\"Improving Health &amp; Combatting Misinformation\",\"publisher\":{\"@id\":\"https:\/\/consideratepouchers.org\/#organization\"},\"potentialAction\":[{\"@type\":\"SearchAction\",\"target\":{\"@type\":\"EntryPoint\",\"urlTemplate\":\"https:\/\/consideratepouchers.org\/?s={search_term_string}\"},\"query-input\":{\"@type\":\"PropertyValueSpecification\",\"valueRequired\":true,\"valueName\":\"search_term_string\"}}],\"inLanguage\":\"fr-FR\"},{\"@type\":\"Organization\",\"@id\":\"https:\/\/consideratepouchers.org\/#organization\",\"name\":\"Considerate Pouchers\",\"url\":\"https:\/\/consideratepouchers.org\/\",\"logo\":{\"@type\":\"ImageObject\",\"inLanguage\":\"fr-FR\",\"@id\":\"https:\/\/consideratepouchers.org\/#\/schema\/logo\/image\/\",\"url\":\"https:\/\/consideratepouchers.com\/wp-content\/uploads\/2021\/07\/Considerate-Pouchers-lOGO.png\",\"contentUrl\":\"https:\/\/consideratepouchers.com\/wp-content\/uploads\/2021\/07\/Considerate-Pouchers-lOGO.png\",\"width\":504,\"height\":504,\"caption\":\"Considerate Pouchers\"},\"image\":{\"@id\":\"https:\/\/consideratepouchers.org\/#\/schema\/logo\/image\/\"},\"sameAs\":[\"https:\/\/www.facebook.com\/cpouchers\",\"https:\/\/x.com\/CPouchers\",\"https:\/\/www.instagram.com\/cpouchers\"]},{\"@type\":\"Person\",\"@id\":\"https:\/\/consideratepouchers.org\/#\/schema\/person\/37761c96f91c510a2ff593c27738adc7\",\"name\":\"Considerate Pouchers\",\"url\":\"https:\/\/consideratepouchers.org\/fr\/author\/consideratepouchers\/\"}]}<\/script>\n<!-- \/ Yoast SEO plugin. -->","yoast_head_json":{"title":"Consumers in Paris Rally at Place de la R\u00e9publique - Considerate Pouchers","description":"French consumers joined the European campaign Protect Pouches to call on policymakers to safeguard access to nicotine pouches.","robots":{"index":"index","follow":"follow","max-snippet":"max-snippet:-1","max-image-preview":"max-image-preview:large","max-video-preview":"max-video-preview:-1"},"canonical":"https:\/\/consideratepouchers.org\/fr\/les-consommateurs-parisiens-se-rassemblent-place-de-la-republique\/","og_locale":"fr_FR","og_type":"article","og_title":"Consumers in Paris Rally at Place de la R\u00e9publique - Considerate Pouchers","og_description":"French consumers joined the European campaign Protect Pouches to call on policymakers to safeguard access to nicotine pouches.","og_url":"https:\/\/consideratepouchers.org\/fr\/les-consommateurs-parisiens-se-rassemblent-place-de-la-republique\/","og_site_name":"Considerate Pouchers","article_publisher":"https:\/\/www.facebook.com\/cpouchers","article_published_time":"2025-09-09T07:27:42+00:00","article_modified_time":"2025-09-09T07:29:49+00:00","og_image":[{"width":1024,"height":945,"url":"https:\/\/consideratepouchers.org\/wp-content\/uploads\/2025\/09\/protect-pouches-bike-tour-Paris-1024x945.png","type":"image\/png"}],"author":"Considerate Pouchers","twitter_card":"summary_large_image","twitter_creator":"@CPouchers","twitter_site":"@CPouchers","twitter_misc":{"\u00c9crit par":"Considerate Pouchers","Dur\u00e9e de lecture estim\u00e9e":"2 minutes"},"schema":{"@context":"https:\/\/schema.org","@graph":[{"@type":"Article","@id":"https:\/\/consideratepouchers.org\/consumers-in-paris-rally-at-place-de-la-republique\/#article","isPartOf":{"@id":"https:\/\/consideratepouchers.org\/consumers-in-paris-rally-at-place-de-la-republique\/"},"author":{"name":"Considerate Pouchers","@id":"https:\/\/consideratepouchers.org\/#\/schema\/person\/37761c96f91c510a2ff593c27738adc7"},"headline":"Consumers in Paris Rally at Place de la R\u00e9publique","datePublished":"2025-09-09T07:27:42+00:00","dateModified":"2025-09-09T07:29:49+00:00","mainEntityOfPage":{"@id":"https:\/\/consideratepouchers.org\/consumers-in-paris-rally-at-place-de-la-republique\/"},"wordCount":252,"publisher":{"@id":"https:\/\/consideratepouchers.org\/#organization"},"image":{"@id":"https:\/\/consideratepouchers.org\/consumers-in-paris-rally-at-place-de-la-republique\/#primaryimage"},"thumbnailUrl":"https:\/\/consideratepouchers.org\/wp-content\/uploads\/2025\/09\/protect-pouches-bike-tour-Paris.png","articleSection":["Blog"],"inLanguage":"fr-FR"},{"@type":"WebPage","@id":"https:\/\/consideratepouchers.org\/consumers-in-paris-rally-at-place-de-la-republique\/","url":"https:\/\/consideratepouchers.org\/consumers-in-paris-rally-at-place-de-la-republique\/","name":"Consumers in Paris Rally at Place de la R\u00e9publique - Considerate Pouchers","isPartOf":{"@id":"https:\/\/consideratepouchers.org\/#website"},"primaryImageOfPage":{"@id":"https:\/\/consideratepouchers.org\/consumers-in-paris-rally-at-place-de-la-republique\/#primaryimage"},"image":{"@id":"https:\/\/consideratepouchers.org\/consumers-in-paris-rally-at-place-de-la-republique\/#primaryimage"},"thumbnailUrl":"https:\/\/consideratepouchers.org\/wp-content\/uploads\/2025\/09\/protect-pouches-bike-tour-Paris.png","datePublished":"2025-09-09T07:27:42+00:00","dateModified":"2025-09-09T07:29:49+00:00","description":"French consumers joined the European campaign Protect Pouches to call on policymakers to safeguard access to nicotine pouches.","breadcrumb":{"@id":"https:\/\/consideratepouchers.org\/consumers-in-paris-rally-at-place-de-la-republique\/#breadcrumb"},"inLanguage":"fr-FR","potentialAction":[{"@type":"ReadAction","target":["https:\/\/consideratepouchers.org\/consumers-in-paris-rally-at-place-de-la-republique\/"]}]},{"@type":"ImageObject","inLanguage":"fr-FR","@id":"https:\/\/consideratepouchers.org\/consumers-in-paris-rally-at-place-de-la-republique\/#primaryimage","url":"https:\/\/consideratepouchers.org\/wp-content\/uploads\/2025\/09\/protect-pouches-bike-tour-Paris.png","contentUrl":"https:\/\/consideratepouchers.org\/wp-content\/uploads\/2025\/09\/protect-pouches-bike-tour-Paris.png","width":2081,"height":1920},{"@type":"BreadcrumbList","@id":"https:\/\/consideratepouchers.org\/consumers-in-paris-rally-at-place-de-la-republique\/#breadcrumb","itemListElement":[{"@type":"ListItem","position":1,"name":"Home","item":"https:\/\/consideratepouchers.org\/"},{"@type":"ListItem","position":2,"name":"Consumers in Paris Rally at Place de la R\u00e9publique"}]},{"@type":"WebSite","@id":"https:\/\/consideratepouchers.org\/#website","url":"https:\/\/consideratepouchers.org\/","name":"Considerate Pouchers","description":"Improving Health &amp; Combatting Misinformation","publisher":{"@id":"https:\/\/consideratepouchers.org\/#organization"},"potentialAction":[{"@type":"SearchAction","target":{"@type":"EntryPoint","urlTemplate":"https:\/\/consideratepouchers.org\/?s={search_term_string}"},"query-input":{"@type":"PropertyValueSpecification","valueRequired":true,"valueName":"search_term_string"}}],"inLanguage":"fr-FR"},{"@type":"Organization","@id":"https:\/\/consideratepouchers.org\/#organization","name":"Considerate Pouchers","url":"https:\/\/consideratepouchers.org\/","logo":{"@type":"ImageObject","inLanguage":"fr-FR","@id":"https:\/\/consideratepouchers.org\/#\/schema\/logo\/image\/","url":"https:\/\/consideratepouchers.com\/wp-content\/uploads\/2021\/07\/Considerate-Pouchers-lOGO.png","contentUrl":"https:\/\/consideratepouchers.com\/wp-content\/uploads\/2021\/07\/Considerate-Pouchers-lOGO.png","width":504,"height":504,"caption":"Considerate Pouchers"},"image":{"@id":"https:\/\/consideratepouchers.org\/#\/schema\/logo\/image\/"},"sameAs":["https:\/\/www.facebook.com\/cpouchers","https:\/\/x.com\/CPouchers","https:\/\/www.instagram.com\/cpouchers"]},{"@type":"Person","@id":"https:\/\/consideratepouchers.org\/#\/schema\/person\/37761c96f91c510a2ff593c27738adc7","name":"Considerate Pouchers","url":"https:\/\/consideratepouchers.org\/fr\/author\/consideratepouchers\/"}]}},"jetpack_featured_media_url":"https:\/\/consideratepouchers.org\/wp-content\/uploads\/2025\/09\/protect-pouches-bike-tour-Paris.png","_links":{"self":[{"href":"https:\/\/consideratepouchers.org\/fr\/wp-json\/wp\/v2\/posts\/3613","targetHints":{"allow":["GET"]}}],"collection":[{"href":"https:\/\/consideratepouchers.org\/fr\/wp-json\/wp\/v2\/posts"}],"about":[{"href":"https:\/\/consideratepouchers.org\/fr\/wp-json\/wp\/v2\/types\/post"}],"author":[{"embeddable":true,"href":"https:\/\/consideratepouchers.org\/fr\/wp-json\/wp\/v2\/users\/11"}],"replies":[{"embeddable":true,"href":"https:\/\/consideratepouchers.org\/fr\/wp-json\/wp\/v2\/comments?post=3613"}],"version-history":[{"count":0,"href":"https:\/\/consideratepouchers.org\/fr\/wp-json\/wp\/v2\/posts\/3613\/revisions"}],"wp:featuredmedia":[{"embeddable":true,"href":"https:\/\/consideratepouchers.org\/fr\/wp-json\/wp\/v2\/media\/3614"}],"wp:attachment":[{"href":"https:\/\/consideratepouchers.org\/fr\/wp-json\/wp\/v2\/media?parent=3613"}],"wp:term":[{"taxonomy":"category","embeddable":true,"href":"https:\/\/consideratepouchers.org\/fr\/wp-json\/wp\/v2\/categories?post=3613"},{"taxonomy":"post_tag","embeddable":true,"href":"https:\/\/consideratepouchers.org\/fr\/wp-json\/wp\/v2\/tags?post=3613"}],"curies":[{"name":"wp","href":"https:\/\/api.w.org\/{rel}","templated":true}]}}