{"id":3631,"date":"2025-09-22T05:40:46","date_gmt":"2025-09-22T05:40:46","guid":{"rendered":"https:\/\/consideratepouchers.org\/?p=3631"},"modified":"2025-09-23T11:29:37","modified_gmt":"2025-09-23T11:29:37","slug":"berlin-on-the-other-side-of-the-wall","status":"publish","type":"post","link":"https:\/\/consideratepouchers.org\/fr\/berlin-de-lautre-cote-du-mur\/","title":{"rendered":"Berlin : de l&#039;autre c\u00f4t\u00e9 du mur"},"content":{"rendered":"<p>Berlin. Une ville qui conna\u00eet les murs et sait ce que signifie les abattre.<\/p>\n\n\n\n<p>Cette semaine, nous avons amen\u00e9 ici la tourn\u00e9e europ\u00e9enne Protect Pouches, avec notre jetpack \u00e0 caf\u00e9, nos brioches \u00e0 la cannelle et un message simple : ne construisez pas de nouveaux murs entre les gens et les choix qui sauvent leur vie.<\/p>\n\n\n\n<h5 class=\"wp-block-heading\">Caf\u00e9, brioches \u00e0 la cannelle et conversations<\/h5>\n\n\n\n<p>En plein c\u0153ur de Berlin, notre v\u00e9lo-caf\u00e9 est devenu un v\u00e9ritable aimant. Les gens s&#039;arr\u00eataient pour un caf\u00e9, d\u00e9gustaient des brioches \u00e0 la cannelle et, surtout, partageaient leurs histoires. Des fumeurs qui avaient arr\u00eat\u00e9. Des amis qui ne respiraient plus le tabagisme passif. Des familles qui ne se souciaient plus de l&#039;odeur de cigarette.<\/p>\n\n\n\n<p>Chaque carte postale sign\u00e9e \u00e9tait un message adress\u00e9 aux l\u00e9gislateurs : ne confondez pas les paquets avec les cigarettes, n&#039;interdisez pas ce qui fonctionne.<\/p>\n\n\n\n<h5 class=\"wp-block-heading\">Bruxelles veut des barri\u00e8res. Les Berlinois veulent la sant\u00e9.<\/h5>\n\n\n\n<p>Pendant que les Berlinois nous parlent de se lib\u00e9rer de la cigarette, Bruxelles s\u2019affaire \u00e0 \u00e9laborer un Plan de Sant\u00e9 Cardiovasculaire qui pourrait, aussi incroyable que cela puisse para\u00eetre, classer les sachets comme des \u00ab facteurs de risque \u00bb.&nbsp;<\/p>\n\n\n\n<p>C&#039;est comme interdire les ceintures de s\u00e9curit\u00e9 parce qu&#039;elles rappellent les accidents de voiture.<\/p>\n\n\n\n<p>La science est claire :<\/p>\n\n\n\n<ul class=\"wp-block-list\">\n<li>Les sachets sont sans fum\u00e9e, sans tabac et bien moins nocifs que les cigarettes.<br><\/li>\n\n\n\n<li>Le mod\u00e8le su\u00e9dois le prouve : le taux de tabagisme le plus bas d&#039;Europe (5,6%), 44% de d\u00e9c\u00e8s dus au tabac en moins et les taux de cancer du poumon les plus bas de l&#039;UE.<br><\/li>\n\n\n\n<li>Et oui, des taux de maladies cardiaques et d\u2019accidents vasculaires c\u00e9r\u00e9braux inf\u00e9rieurs \u00e0 ceux de leurs voisins.<br><\/li>\n<\/ul>\n\n\n\n<p>Si le reste de l\u2019Europe suivait l\u2019exemple de la Su\u00e8de, 3,5 millions de vies pourraient \u00eatre sauv\u00e9es au cours de la prochaine d\u00e9cennie.<\/p>\n\n\n\n<h5 class=\"wp-block-heading\">L&#039;Allemagne \u00e0 la crois\u00e9e des chemins<\/h5>\n\n\n\n<p>Ici en Allemagne, les sachets se situent dans une zone grise l\u00e9gale :<\/p>\n\n\n\n<ul class=\"wp-block-list\">\n<li>La vente est interdite, mais plus de 1,4 million de personnes les utilisent d\u00e9j\u00e0.<br><\/li>\n\n\n\n<li>Cela signifie des importations incontr\u00f4l\u00e9es, aucune norme de qualit\u00e9 et des opportunit\u00e9s manqu\u00e9es pour la sant\u00e9 des fumeurs et pour les futurs non-fumeurs.<br><\/li>\n<\/ul>\n\n\n\n<p>L&#039;Allemagne n&#039;a pas besoin de confusion ni d&#039;interdictions. Elle a besoin <strong>des r\u00e8gles claires<\/strong>:<\/p>\n\n\n\n<ul class=\"wp-block-list\">\n<li>Normes de qualit\u00e9 s\u00e9curitaires.<br><\/li>\n\n\n\n<li>Vente l\u00e9gale en magasin, pas au march\u00e9 noir.<br><\/li>\n\n\n\n<li>Les ar\u00f4mes et l\u2019acc\u00e8s \u00e9quitable des consommateurs sont prot\u00e9g\u00e9s.<br><\/li>\n<\/ul>\n\n\n\n<p>Les Berlinois nous ont dit la m\u00eame chose autour d\u2019un caf\u00e9 et de petits pains : ils veulent du choix, de la s\u00e9curit\u00e9 et une r\u00e9elle chance d\u2019arr\u00eater de fumer.<\/p>\n\n\n\n<h5 class=\"wp-block-heading\">Le seul mur qui compte<\/h5>\n\n\n\n<p>Debout \u00e0 Berlin, on ne peut s&#039;emp\u00eacher de se rappeler \u00e0 quoi ressemble la division. D&#039;un c\u00f4t\u00e9 du mur, des gens pris au pi\u00e8ge. De l&#039;autre, des gens libres.<\/p>\n\n\n\n<p>L\u2019Europe est d\u00e9sormais confront\u00e9e \u00e0 un choix : maintenir les fumeurs prisonniers d\u2019habitudes malsaines ou abattre le mur et laisser les adultes choisir des alternatives nettement plus s\u00fbres.<\/p>\n\n\n\n<h5 class=\"wp-block-heading\">Notre message de Berlin<\/h5>\n\n\n\n<p>De Paris \u00e0 Berlin, le message est le m\u00eame :<\/p>\n\n\n\n<ul class=\"wp-block-list\">\n<li>Laissez les adultes choisir une meilleure fa\u00e7on d\u2019arr\u00eater de fumer.<\/li>\n\n\n\n<li>Arr\u00eatons de fumer de mani\u00e8re r\u00e9aliste et vivons une vie plus saine.<\/li>\n\n\n\n<li>N\u2019interdisez pas et ne taxez pas excessivement les sachets comme les cigarettes.<br><\/li>\n<\/ul>\n\n\n\n<p>Berlin nous a montr\u00e9 que les gens comprenaient la r\u00e9duction des risques. C&#039;est maintenant au tour de Bruxelles.<\/p>\n\n\n\n<p>Prot\u00e9gez vos sachets. Prot\u00e9gez vos choix. Prot\u00e9gez nos vies.<\/p>\n\n\n\n<p>Prochain arr\u00eat : le Parlement europ\u00e9en, Bruxelles.<\/p>\n\n\n\n<figure class=\"wp-block-gallery has-nested-images columns-default is-cropped wp-block-gallery-1 is-layout-flex wp-block-gallery-is-layout-flex\">\n<figure class=\"wp-block-image\"><img fetchpriority=\"high\" decoding=\"async\" width=\"2560\" height=\"1920\" data-id=\"3622\" src=\"https:\/\/consideratepouchers.org\/wp-content\/uploads\/2025\/09\/Protect-Pouches-Berlin-scaled.jpg\" alt=\"\" class=\"wp-image-3622\" srcset=\"https:\/\/consideratepouchers.org\/wp-content\/uploads\/2025\/09\/Protect-Pouches-Berlin-scaled.jpg 2560w, https:\/\/consideratepouchers.org\/wp-content\/uploads\/2025\/09\/Protect-Pouches-Berlin-300x225.jpg 300w, https:\/\/consideratepouchers.org\/wp-content\/uploads\/2025\/09\/Protect-Pouches-Berlin-1024x768.jpg 1024w, https:\/\/consideratepouchers.org\/wp-content\/uploads\/2025\/09\/Protect-Pouches-Berlin-768x576.jpg 768w, https:\/\/consideratepouchers.org\/wp-content\/uploads\/2025\/09\/Protect-Pouches-Berlin-1536x1152.jpg 1536w, https:\/\/consideratepouchers.org\/wp-content\/uploads\/2025\/09\/Protect-Pouches-Berlin-2048x1536.jpg 2048w, https:\/\/consideratepouchers.org\/wp-content\/uploads\/2025\/09\/Protect-Pouches-Berlin-16x12.jpg 16w\" sizes=\"(max-width: 2560px) 100vw, 2560px\" \/><figcaption class=\"wp-element-caption\">Berlin<\/figcaption><\/figure>\n\n\n\n<figure class=\"wp-block-image\"><img decoding=\"async\" width=\"1920\" height=\"2560\" data-id=\"3623\" src=\"https:\/\/consideratepouchers.org\/wp-content\/uploads\/2025\/09\/Protect-Pouches-Berlin1-scaled.jpg\" alt=\"\" class=\"wp-image-3623\" srcset=\"https:\/\/consideratepouchers.org\/wp-content\/uploads\/2025\/09\/Protect-Pouches-Berlin1-scaled.jpg 1920w, https:\/\/consideratepouchers.org\/wp-content\/uploads\/2025\/09\/Protect-Pouches-Berlin1-225x300.jpg 225w, https:\/\/consideratepouchers.org\/wp-content\/uploads\/2025\/09\/Protect-Pouches-Berlin1-768x1024.jpg 768w, https:\/\/consideratepouchers.org\/wp-content\/uploads\/2025\/09\/Protect-Pouches-Berlin1-1152x1536.jpg 1152w, https:\/\/consideratepouchers.org\/wp-content\/uploads\/2025\/09\/Protect-Pouches-Berlin1-1536x2048.jpg 1536w, https:\/\/consideratepouchers.org\/wp-content\/uploads\/2025\/09\/Protect-Pouches-Berlin1-9x12.jpg 9w\" sizes=\"(max-width: 1920px) 100vw, 1920px\" \/><figcaption class=\"wp-element-caption\">Berlin<\/figcaption><\/figure>\n<\/figure>","protected":false},"excerpt":{"rendered":"<p>Berlin. Une ville qui conna\u00eet les murs et sait ce que signifie les abattre. Cette semaine, nous avons emmen\u00e9 la tourn\u00e9e europ\u00e9enne Protect Pouches avec nous, notre jetpack caf\u00e9, nos brioches \u00e0 la cannelle et un message simple\u00a0: ne construisons pas de nouveaux murs entre les gens et les choix qui leur sauvent la vie. Caf\u00e9, brioches \u00e0 la cannelle et conversations en plein [\u2026]<\/p>","protected":false},"author":13,"featured_media":3632,"comment_status":"closed","ping_status":"open","sticky":false,"template":"","format":"standard","meta":{"footnotes":""},"categories":[9],"tags":[],"class_list":["post-3631","post","type-post","status-publish","format-standard","has-post-thumbnail","hentry","category-blog"],"yoast_head":"<!-- This site is optimized with the Yoast SEO plugin v25.0 - https:\/\/yoast.com\/wordpress\/plugins\/seo\/ -->\n<title>Berlin: On the Other Side of the Wall - Considerate Pouchers<\/title>\n<meta name=\"description\" content=\"We brought the Protect Pouches European Tour to Berlin with a message: don\u2019t build new walls between people and the choices that save their lives.\" \/>\n<meta name=\"robots\" content=\"index, follow, max-snippet:-1, max-image-preview:large, max-video-preview:-1\" \/>\n<link rel=\"canonical\" href=\"https:\/\/consideratepouchers.org\/fr\/berlin-de-lautre-cote-du-mur\/\" \/>\n<meta property=\"og:locale\" content=\"fr_FR\" \/>\n<meta property=\"og:type\" content=\"article\" \/>\n<meta property=\"og:title\" content=\"Berlin: On the Other Side of the Wall - Considerate Pouchers\" \/>\n<meta property=\"og:description\" content=\"We brought the Protect Pouches European Tour to Berlin with a message: don\u2019t build new walls between people and the choices that save their lives.\" \/>\n<meta property=\"og:url\" content=\"https:\/\/consideratepouchers.org\/fr\/berlin-de-lautre-cote-du-mur\/\" \/>\n<meta property=\"og:site_name\" content=\"Considerate Pouchers\" \/>\n<meta property=\"article:publisher\" content=\"https:\/\/www.facebook.com\/cpouchers\" \/>\n<meta property=\"article:published_time\" content=\"2025-09-22T05:40:46+00:00\" \/>\n<meta property=\"article:modified_time\" content=\"2025-09-23T11:29:37+00:00\" \/>\n<meta property=\"og:image\" content=\"https:\/\/consideratepouchers.org\/wp-content\/uploads\/2025\/09\/Protect-Pouches-Berlin-image-1024x945.png\" \/>\n\t<meta property=\"og:image:width\" content=\"1024\" \/>\n\t<meta property=\"og:image:height\" content=\"945\" \/>\n\t<meta property=\"og:image:type\" content=\"image\/png\" \/>\n<meta name=\"author\" content=\"Juan Taborcia\" \/>\n<meta name=\"twitter:card\" content=\"summary_large_image\" \/>\n<meta name=\"twitter:creator\" content=\"@CPouchers\" \/>\n<meta name=\"twitter:site\" content=\"@CPouchers\" \/>\n<meta name=\"twitter:label1\" content=\"\u00c9crit par\" \/>\n\t<meta name=\"twitter:data1\" content=\"Juan Taborcia\" \/>\n\t<meta name=\"twitter:label2\" content=\"Dur\u00e9e de lecture estim\u00e9e\" \/>\n\t<meta name=\"twitter:data2\" content=\"3 minutes\" \/>\n<script type=\"application\/ld+json\" class=\"yoast-schema-graph\">{\"@context\":\"https:\/\/schema.org\",\"@graph\":[{\"@type\":\"Article\",\"@id\":\"https:\/\/consideratepouchers.org\/berlin-on-the-other-side-of-the-wall\/#article\",\"isPartOf\":{\"@id\":\"https:\/\/consideratepouchers.org\/berlin-on-the-other-side-of-the-wall\/\"},\"author\":{\"name\":\"Juan Taborcia\",\"@id\":\"https:\/\/consideratepouchers.org\/#\/schema\/person\/0f5a68e74cddc0ec762ddf9ae8cb6cc8\"},\"headline\":\"Berlin: On the Other Side of the Wall\",\"datePublished\":\"2025-09-22T05:40:46+00:00\",\"dateModified\":\"2025-09-23T11:29:37+00:00\",\"mainEntityOfPage\":{\"@id\":\"https:\/\/consideratepouchers.org\/berlin-on-the-other-side-of-the-wall\/\"},\"wordCount\":450,\"publisher\":{\"@id\":\"https:\/\/consideratepouchers.org\/#organization\"},\"image\":{\"@id\":\"https:\/\/consideratepouchers.org\/berlin-on-the-other-side-of-the-wall\/#primaryimage\"},\"thumbnailUrl\":\"https:\/\/consideratepouchers.org\/wp-content\/uploads\/2025\/09\/Protect-Pouches-Berlin-image.png\",\"articleSection\":[\"Blog\"],\"inLanguage\":\"fr-FR\"},{\"@type\":\"WebPage\",\"@id\":\"https:\/\/consideratepouchers.org\/berlin-on-the-other-side-of-the-wall\/\",\"url\":\"https:\/\/consideratepouchers.org\/berlin-on-the-other-side-of-the-wall\/\",\"name\":\"Berlin: On the Other Side of the Wall - Considerate Pouchers\",\"isPartOf\":{\"@id\":\"https:\/\/consideratepouchers.org\/#website\"},\"primaryImageOfPage\":{\"@id\":\"https:\/\/consideratepouchers.org\/berlin-on-the-other-side-of-the-wall\/#primaryimage\"},\"image\":{\"@id\":\"https:\/\/consideratepouchers.org\/berlin-on-the-other-side-of-the-wall\/#primaryimage\"},\"thumbnailUrl\":\"https:\/\/consideratepouchers.org\/wp-content\/uploads\/2025\/09\/Protect-Pouches-Berlin-image.png\",\"datePublished\":\"2025-09-22T05:40:46+00:00\",\"dateModified\":\"2025-09-23T11:29:37+00:00\",\"description\":\"We brought the Protect Pouches European Tour to Berlin with a message: don\u2019t build new walls between people and the choices that save their lives.\",\"breadcrumb\":{\"@id\":\"https:\/\/consideratepouchers.org\/berlin-on-the-other-side-of-the-wall\/#breadcrumb\"},\"inLanguage\":\"fr-FR\",\"potentialAction\":[{\"@type\":\"ReadAction\",\"target\":[\"https:\/\/consideratepouchers.org\/berlin-on-the-other-side-of-the-wall\/\"]}]},{\"@type\":\"ImageObject\",\"inLanguage\":\"fr-FR\",\"@id\":\"https:\/\/consideratepouchers.org\/berlin-on-the-other-side-of-the-wall\/#primaryimage\",\"url\":\"https:\/\/consideratepouchers.org\/wp-content\/uploads\/2025\/09\/Protect-Pouches-Berlin-image.png\",\"contentUrl\":\"https:\/\/consideratepouchers.org\/wp-content\/uploads\/2025\/09\/Protect-Pouches-Berlin-image.png\",\"width\":2081,\"height\":1920},{\"@type\":\"BreadcrumbList\",\"@id\":\"https:\/\/consideratepouchers.org\/berlin-on-the-other-side-of-the-wall\/#breadcrumb\",\"itemListElement\":[{\"@type\":\"ListItem\",\"position\":1,\"name\":\"Home\",\"item\":\"https:\/\/consideratepouchers.org\/\"},{\"@type\":\"ListItem\",\"position\":2,\"name\":\"Berlin: On the Other Side of the Wall\"}]},{\"@type\":\"WebSite\",\"@id\":\"https:\/\/consideratepouchers.org\/#website\",\"url\":\"https:\/\/consideratepouchers.org\/\",\"name\":\"Considerate Pouchers\",\"description\":\"Improving Health &amp; Combatting Misinformation\",\"publisher\":{\"@id\":\"https:\/\/consideratepouchers.org\/#organization\"},\"potentialAction\":[{\"@type\":\"SearchAction\",\"target\":{\"@type\":\"EntryPoint\",\"urlTemplate\":\"https:\/\/consideratepouchers.org\/?s={search_term_string}\"},\"query-input\":{\"@type\":\"PropertyValueSpecification\",\"valueRequired\":true,\"valueName\":\"search_term_string\"}}],\"inLanguage\":\"fr-FR\"},{\"@type\":\"Organization\",\"@id\":\"https:\/\/consideratepouchers.org\/#organization\",\"name\":\"Considerate Pouchers\",\"url\":\"https:\/\/consideratepouchers.org\/\",\"logo\":{\"@type\":\"ImageObject\",\"inLanguage\":\"fr-FR\",\"@id\":\"https:\/\/consideratepouchers.org\/#\/schema\/logo\/image\/\",\"url\":\"https:\/\/consideratepouchers.com\/wp-content\/uploads\/2021\/07\/Considerate-Pouchers-lOGO.png\",\"contentUrl\":\"https:\/\/consideratepouchers.com\/wp-content\/uploads\/2021\/07\/Considerate-Pouchers-lOGO.png\",\"width\":504,\"height\":504,\"caption\":\"Considerate Pouchers\"},\"image\":{\"@id\":\"https:\/\/consideratepouchers.org\/#\/schema\/logo\/image\/\"},\"sameAs\":[\"https:\/\/www.facebook.com\/cpouchers\",\"https:\/\/x.com\/CPouchers\",\"https:\/\/www.instagram.com\/cpouchers\"]},{\"@type\":\"Person\",\"@id\":\"https:\/\/consideratepouchers.org\/#\/schema\/person\/0f5a68e74cddc0ec762ddf9ae8cb6cc8\",\"name\":\"Juan Taborcia\",\"url\":\"https:\/\/consideratepouchers.org\/fr\/author\/juan\/\"}]}<\/script>\n<!-- \/ Yoast SEO plugin. -->","yoast_head_json":{"title":"Berlin: On the Other Side of the Wall - Considerate Pouchers","description":"We brought the Protect Pouches European Tour to Berlin with a message: don\u2019t build new walls between people and the choices that save their lives.","robots":{"index":"index","follow":"follow","max-snippet":"max-snippet:-1","max-image-preview":"max-image-preview:large","max-video-preview":"max-video-preview:-1"},"canonical":"https:\/\/consideratepouchers.org\/fr\/berlin-de-lautre-cote-du-mur\/","og_locale":"fr_FR","og_type":"article","og_title":"Berlin: On the Other Side of the Wall - Considerate Pouchers","og_description":"We brought the Protect Pouches European Tour to Berlin with a message: don\u2019t build new walls between people and the choices that save their lives.","og_url":"https:\/\/consideratepouchers.org\/fr\/berlin-de-lautre-cote-du-mur\/","og_site_name":"Considerate Pouchers","article_publisher":"https:\/\/www.facebook.com\/cpouchers","article_published_time":"2025-09-22T05:40:46+00:00","article_modified_time":"2025-09-23T11:29:37+00:00","og_image":[{"width":1024,"height":945,"url":"https:\/\/consideratepouchers.org\/wp-content\/uploads\/2025\/09\/Protect-Pouches-Berlin-image-1024x945.png","type":"image\/png"}],"author":"Juan Taborcia","twitter_card":"summary_large_image","twitter_creator":"@CPouchers","twitter_site":"@CPouchers","twitter_misc":{"\u00c9crit par":"Juan Taborcia","Dur\u00e9e de lecture estim\u00e9e":"3 minutes"},"schema":{"@context":"https:\/\/schema.org","@graph":[{"@type":"Article","@id":"https:\/\/consideratepouchers.org\/berlin-on-the-other-side-of-the-wall\/#article","isPartOf":{"@id":"https:\/\/consideratepouchers.org\/berlin-on-the-other-side-of-the-wall\/"},"author":{"name":"Juan Taborcia","@id":"https:\/\/consideratepouchers.org\/#\/schema\/person\/0f5a68e74cddc0ec762ddf9ae8cb6cc8"},"headline":"Berlin: On the Other Side of the Wall","datePublished":"2025-09-22T05:40:46+00:00","dateModified":"2025-09-23T11:29:37+00:00","mainEntityOfPage":{"@id":"https:\/\/consideratepouchers.org\/berlin-on-the-other-side-of-the-wall\/"},"wordCount":450,"publisher":{"@id":"https:\/\/consideratepouchers.org\/#organization"},"image":{"@id":"https:\/\/consideratepouchers.org\/berlin-on-the-other-side-of-the-wall\/#primaryimage"},"thumbnailUrl":"https:\/\/consideratepouchers.org\/wp-content\/uploads\/2025\/09\/Protect-Pouches-Berlin-image.png","articleSection":["Blog"],"inLanguage":"fr-FR"},{"@type":"WebPage","@id":"https:\/\/consideratepouchers.org\/berlin-on-the-other-side-of-the-wall\/","url":"https:\/\/consideratepouchers.org\/berlin-on-the-other-side-of-the-wall\/","name":"Berlin: On the Other Side of the Wall - Considerate Pouchers","isPartOf":{"@id":"https:\/\/consideratepouchers.org\/#website"},"primaryImageOfPage":{"@id":"https:\/\/consideratepouchers.org\/berlin-on-the-other-side-of-the-wall\/#primaryimage"},"image":{"@id":"https:\/\/consideratepouchers.org\/berlin-on-the-other-side-of-the-wall\/#primaryimage"},"thumbnailUrl":"https:\/\/consideratepouchers.org\/wp-content\/uploads\/2025\/09\/Protect-Pouches-Berlin-image.png","datePublished":"2025-09-22T05:40:46+00:00","dateModified":"2025-09-23T11:29:37+00:00","description":"We brought the Protect Pouches European Tour to Berlin with a message: don\u2019t build new walls between people and the choices that save their lives.","breadcrumb":{"@id":"https:\/\/consideratepouchers.org\/berlin-on-the-other-side-of-the-wall\/#breadcrumb"},"inLanguage":"fr-FR","potentialAction":[{"@type":"ReadAction","target":["https:\/\/consideratepouchers.org\/berlin-on-the-other-side-of-the-wall\/"]}]},{"@type":"ImageObject","inLanguage":"fr-FR","@id":"https:\/\/consideratepouchers.org\/berlin-on-the-other-side-of-the-wall\/#primaryimage","url":"https:\/\/consideratepouchers.org\/wp-content\/uploads\/2025\/09\/Protect-Pouches-Berlin-image.png","contentUrl":"https:\/\/consideratepouchers.org\/wp-content\/uploads\/2025\/09\/Protect-Pouches-Berlin-image.png","width":2081,"height":1920},{"@type":"BreadcrumbList","@id":"https:\/\/consideratepouchers.org\/berlin-on-the-other-side-of-the-wall\/#breadcrumb","itemListElement":[{"@type":"ListItem","position":1,"name":"Home","item":"https:\/\/consideratepouchers.org\/"},{"@type":"ListItem","position":2,"name":"Berlin: On the Other Side of the Wall"}]},{"@type":"WebSite","@id":"https:\/\/consideratepouchers.org\/#website","url":"https:\/\/consideratepouchers.org\/","name":"Considerate Pouchers","description":"Improving Health &amp; Combatting Misinformation","publisher":{"@id":"https:\/\/consideratepouchers.org\/#organization"},"potentialAction":[{"@type":"SearchAction","target":{"@type":"EntryPoint","urlTemplate":"https:\/\/consideratepouchers.org\/?s={search_term_string}"},"query-input":{"@type":"PropertyValueSpecification","valueRequired":true,"valueName":"search_term_string"}}],"inLanguage":"fr-FR"},{"@type":"Organization","@id":"https:\/\/consideratepouchers.org\/#organization","name":"Considerate Pouchers","url":"https:\/\/consideratepouchers.org\/","logo":{"@type":"ImageObject","inLanguage":"fr-FR","@id":"https:\/\/consideratepouchers.org\/#\/schema\/logo\/image\/","url":"https:\/\/consideratepouchers.com\/wp-content\/uploads\/2021\/07\/Considerate-Pouchers-lOGO.png","contentUrl":"https:\/\/consideratepouchers.com\/wp-content\/uploads\/2021\/07\/Considerate-Pouchers-lOGO.png","width":504,"height":504,"caption":"Considerate Pouchers"},"image":{"@id":"https:\/\/consideratepouchers.org\/#\/schema\/logo\/image\/"},"sameAs":["https:\/\/www.facebook.com\/cpouchers","https:\/\/x.com\/CPouchers","https:\/\/www.instagram.com\/cpouchers"]},{"@type":"Person","@id":"https:\/\/consideratepouchers.org\/#\/schema\/person\/0f5a68e74cddc0ec762ddf9ae8cb6cc8","name":"Juan Taborcia","url":"https:\/\/consideratepouchers.org\/fr\/author\/juan\/"}]}},"jetpack_featured_media_url":"https:\/\/consideratepouchers.org\/wp-content\/uploads\/2025\/09\/Protect-Pouches-Berlin-image.png","_links":{"self":[{"href":"https:\/\/consideratepouchers.org\/fr\/wp-json\/wp\/v2\/posts\/3631","targetHints":{"allow":["GET"]}}],"collection":[{"href":"https:\/\/consideratepouchers.org\/fr\/wp-json\/wp\/v2\/posts"}],"about":[{"href":"https:\/\/consideratepouchers.org\/fr\/wp-json\/wp\/v2\/types\/post"}],"author":[{"embeddable":true,"href":"https:\/\/consideratepouchers.org\/fr\/wp-json\/wp\/v2\/users\/13"}],"replies":[{"embeddable":true,"href":"https:\/\/consideratepouchers.org\/fr\/wp-json\/wp\/v2\/comments?post=3631"}],"version-history":[{"count":0,"href":"https:\/\/consideratepouchers.org\/fr\/wp-json\/wp\/v2\/posts\/3631\/revisions"}],"wp:featuredmedia":[{"embeddable":true,"href":"https:\/\/consideratepouchers.org\/fr\/wp-json\/wp\/v2\/media\/3632"}],"wp:attachment":[{"href":"https:\/\/consideratepouchers.org\/fr\/wp-json\/wp\/v2\/media?parent=3631"}],"wp:term":[{"taxonomy":"category","embeddable":true,"href":"https:\/\/consideratepouchers.org\/fr\/wp-json\/wp\/v2\/categories?post=3631"},{"taxonomy":"post_tag","embeddable":true,"href":"https:\/\/consideratepouchers.org\/fr\/wp-json\/wp\/v2\/tags?post=3631"}],"curies":[{"name":"wp","href":"https:\/\/api.w.org\/{rel}","templated":true}]}}