{"id":3643,"date":"2025-10-03T12:15:23","date_gmt":"2025-10-03T12:15:23","guid":{"rendered":"https:\/\/consideratepouchers.org\/?p=3643"},"modified":"2025-10-03T12:18:56","modified_gmt":"2025-10-03T12:18:56","slug":"brussels-where-europe-decides-the-future-of-harm-reduction","status":"publish","type":"post","link":"https:\/\/consideratepouchers.org\/fr\/bruxelles-la-ou-leurope-decide-de-lavenir-de-la-reduction-des-risques\/","title":{"rendered":"Bruxelles : l\u00e0 o\u00f9 l&#039;Europe d\u00e9cide de l&#039;avenir de la r\u00e9duction des risques"},"content":{"rendered":"<p>Bruxelles. La ville o\u00f9 les d\u00e9cisions prises \u00e0 huis clos ont des r\u00e9percussions sur tout un continent.<\/p>\n\n\n\n<p>Cette semaine, la tourn\u00e9e europ\u00e9enne Protect Pouches s\u2019est d\u00e9roul\u00e9e au c\u0153ur de l\u2019\u00e9laboration des politiques de l\u2019UE, et nous avons apport\u00e9 avec nous les voix des Europ\u00e9ens qui veulent simplement arr\u00eater de fumer sans \u00eatre punis pour cela.<\/p>\n\n\n\n<h4 class=\"wp-block-heading\"><strong>Des caf\u00e9s-v\u00e9los aux couloirs du pouvoir<\/strong><\/h4>\n\n\n\n<p>Ces derni\u00e8res semaines, nous avons servi du caf\u00e9 et des brioches \u00e0 la cannelle \u00e0 Paris, Stockholm, Prague, Varsovie et Berlin, recueillant les t\u00e9moignages de personnes qui ont arr\u00eat\u00e9 de fumer gr\u00e2ce aux sachets de nicotine. Aujourd&#039;hui, \u00e0 Bruxelles, nous avons relay\u00e9 ces t\u00e9moignages directement au Parlement europ\u00e9en.<\/p>\n\n\n\n<p>Nous avons distribu\u00e9 des fiches d&#039;information et des t\u00e9moignages concrets aux d\u00e9put\u00e9s europ\u00e9ens et \u00e0 leurs assistants. Le message \u00e9tait simple\u00a0: <strong>Ne confondez pas les paquets avec les cigarettes, ne les taxez pas trop et ne privez pas les Europ\u00e9ens de l&#039;outil de r\u00e9duction des risques le plus efficace qui soit.<\/strong><\/p>\n\n\n\n<h4 class=\"wp-block-heading\"><strong>Les enjeux \u00e0 Bruxelles<\/strong><\/h4>\n\n\n\n<p>Deux politiques cl\u00e9s sont actuellement sur la table :<\/p>\n\n\n\n<ul class=\"wp-block-list\">\n<li><strong>Le plan de sant\u00e9 cardiovasculaire<\/strong>: risquent actuellement de classer les sachets de nicotine comme \u00ab\u00a0facteurs de risque cardiovasculaire\u00a0\u00bb. Ce serait une erreur scientifique et un d\u00e9sastre de sant\u00e9 publique.<br><\/li>\n\n\n\n<li><strong>La directive sur les accises sur le tabac (TED)<\/strong>: pourrait imposer des taxes sur les paquets de cigarettes au m\u00eame titre que celles sur les cigarettes, ce qui dissuaderait les gens d&#039;arr\u00eater de fumer.<br><\/li>\n<\/ul>\n\n\n\n<p>Ces deux politiques ignorent ce que la Su\u00e8de a d\u00e9j\u00e0 prouv\u00e9 :<\/p>\n\n\n\n<ul class=\"wp-block-list\">\n<li><strong>5,6% de tabagisme quotidien<\/strong> \u2014 le plus bas d\u2019Europe.<br><\/li>\n\n\n\n<li><strong>44% d\u00e9c\u00e8s li\u00e9s au tabac en moins<\/strong> que la moyenne de l\u2019UE.<br><\/li>\n\n\n\n<li><strong>L&#039;incidence du cancer du poumon la plus faible d&#039;Europe<\/strong>.<br><\/li>\n\n\n\n<li><strong>R\u00e9duction des taux de maladies cardiaques et d&#039;accidents vasculaires c\u00e9r\u00e9braux<\/strong> que les pays voisins.<br><\/li>\n<\/ul>\n\n\n\n<p>Si le reste de l\u2019Europe suivait le mod\u00e8le su\u00e9dois, <strong>3,5 millions de vies<\/strong> pourrait \u00eatre sauv\u00e9 au cours de la prochaine d\u00e9cennie.<\/p>\n\n\n\n<h4 class=\"wp-block-heading\"><strong>Nos r\u00e9unions au Parlement<\/strong><\/h4>\n\n\n\n<p>Au Parlement, nous avons rencontr\u00e9 des d\u00e9put\u00e9s europ\u00e9ens et des APA de tous les groupes politiques. Leurs r\u00e9actions ont \u00e9t\u00e9 constantes\u00a0: curiosit\u00e9, surprise face aux donn\u00e9es et reconnaissance des preuves que nous avons fournies.<\/p>\n\n\n\n<p>Chaque conversation a donn\u00e9 lieu \u00e0 une demande claire : <strong>Ne punissez pas les gens qui arr\u00eatent de fumer.<\/strong><\/p>\n\n\n\n<h4 class=\"wp-block-heading\"><strong>Bruxelles : briser les nouveaux murs<\/strong><\/h4>\n\n\n\n<p>Tout comme Berlin nous a rappel\u00e9 ce que signifie abattre des murs, Bruxelles nous rappelle ce que signifie en construire. Ici, les r\u00e9gulateurs d\u00e9battent de nouvelles barri\u00e8res, de hausses d&#039;imp\u00f4ts, d&#039;interdictions g\u00e9n\u00e9rales et de classifications fond\u00e9es sur la peur.<\/p>\n\n\n\n<p>Mais les murs ne prot\u00e8gent pas la sant\u00e9 publique. Ils enferment les gens dans le tabagisme.<\/p>\n\n\n\n<h4 class=\"wp-block-heading\"><strong>Notre message de Bruxelles<\/strong><\/h4>\n\n\n\n<p>L\u2019Europe a le choix :<\/p>\n\n\n\n<ul class=\"wp-block-list\">\n<li>Construisons de nouveaux murs de r\u00e9gulation qui retiennent les fumeurs.<br><\/li>\n\n\n\n<li>Ou ouvrez les portes \u00e0 des alternatives plus propres, sans fum\u00e9e et sans tabac et sauvez des vies.<\/li>\n<\/ul>\n\n\n\n<p>\u00c0 Bruxelles, nous avons veill\u00e9 \u00e0 ce que les d\u00e9cideurs politiques entendent la voix du peuple.<\/p>\n\n\n\n<p><strong>Prot\u00e9gez les vies. Prot\u00e9gez les poches.<\/strong><\/p>\n\n\n\n<figure class=\"wp-block-gallery has-nested-images columns-default is-cropped wp-block-gallery-1 is-layout-flex wp-block-gallery-is-layout-flex\">\n<figure class=\"wp-block-image size-large\"><img fetchpriority=\"high\" decoding=\"async\" width=\"1024\" height=\"683\" data-id=\"3648\" src=\"https:\/\/consideratepouchers.org\/wp-content\/uploads\/2025\/10\/Protect-Pouches-Brussels-1-1-1024x683.jpg\" alt=\"\" class=\"wp-image-3648\" srcset=\"https:\/\/consideratepouchers.org\/wp-content\/uploads\/2025\/10\/Protect-Pouches-Brussels-1-1-1024x683.jpg 1024w, https:\/\/consideratepouchers.org\/wp-content\/uploads\/2025\/10\/Protect-Pouches-Brussels-1-1-300x200.jpg 300w, https:\/\/consideratepouchers.org\/wp-content\/uploads\/2025\/10\/Protect-Pouches-Brussels-1-1-768x512.jpg 768w, https:\/\/consideratepouchers.org\/wp-content\/uploads\/2025\/10\/Protect-Pouches-Brussels-1-1-1536x1024.jpg 1536w, https:\/\/consideratepouchers.org\/wp-content\/uploads\/2025\/10\/Protect-Pouches-Brussels-1-1-2048x1365.jpg 2048w, https:\/\/consideratepouchers.org\/wp-content\/uploads\/2025\/10\/Protect-Pouches-Brussels-1-1-18x12.jpg 18w\" sizes=\"(max-width: 1024px) 100vw, 1024px\" \/><\/figure>\n\n\n\n<figure class=\"wp-block-image size-large\"><img decoding=\"async\" width=\"1898\" height=\"1423\" data-id=\"3654\" src=\"https:\/\/consideratepouchers.org\/wp-content\/uploads\/2025\/10\/Protect-Pouches-Brussels-4-1-edited-1.jpg\" alt=\"\" class=\"wp-image-3654\" srcset=\"https:\/\/consideratepouchers.org\/wp-content\/uploads\/2025\/10\/Protect-Pouches-Brussels-4-1-edited-1.jpg 1898w, https:\/\/consideratepouchers.org\/wp-content\/uploads\/2025\/10\/Protect-Pouches-Brussels-4-1-edited-1-300x225.jpg 300w, https:\/\/consideratepouchers.org\/wp-content\/uploads\/2025\/10\/Protect-Pouches-Brussels-4-1-edited-1-1024x768.jpg 1024w, https:\/\/consideratepouchers.org\/wp-content\/uploads\/2025\/10\/Protect-Pouches-Brussels-4-1-edited-1-768x576.jpg 768w, https:\/\/consideratepouchers.org\/wp-content\/uploads\/2025\/10\/Protect-Pouches-Brussels-4-1-edited-1-1536x1152.jpg 1536w, https:\/\/consideratepouchers.org\/wp-content\/uploads\/2025\/10\/Protect-Pouches-Brussels-4-1-edited-1-16x12.jpg 16w\" sizes=\"(max-width: 1898px) 100vw, 1898px\" \/><\/figure>\n\n\n\n<figure class=\"wp-block-image size-large\"><img decoding=\"async\" width=\"1024\" height=\"683\" data-id=\"3646\" src=\"https:\/\/consideratepouchers.org\/wp-content\/uploads\/2025\/10\/Protect-Pouches-Brussels-2-1024x683.jpg\" alt=\"\" class=\"wp-image-3646\" srcset=\"https:\/\/consideratepouchers.org\/wp-content\/uploads\/2025\/10\/Protect-Pouches-Brussels-2-1024x683.jpg 1024w, https:\/\/consideratepouchers.org\/wp-content\/uploads\/2025\/10\/Protect-Pouches-Brussels-2-300x200.jpg 300w, https:\/\/consideratepouchers.org\/wp-content\/uploads\/2025\/10\/Protect-Pouches-Brussels-2-768x512.jpg 768w, https:\/\/consideratepouchers.org\/wp-content\/uploads\/2025\/10\/Protect-Pouches-Brussels-2-1536x1024.jpg 1536w, https:\/\/consideratepouchers.org\/wp-content\/uploads\/2025\/10\/Protect-Pouches-Brussels-2-2048x1365.jpg 2048w, https:\/\/consideratepouchers.org\/wp-content\/uploads\/2025\/10\/Protect-Pouches-Brussels-2-18x12.jpg 18w\" sizes=\"(max-width: 1024px) 100vw, 1024px\" \/><\/figure>\n<\/figure>","protected":false},"excerpt":{"rendered":"<p>Bruxelles. La ville o\u00f9 les d\u00e9cisions prises \u00e0 huis clos ont des r\u00e9percussions sur tout un continent. Cette semaine, la tourn\u00e9e europ\u00e9enne Protect Pouches s&#039;est rendue au c\u0153ur de l&#039;\u00e9laboration des politiques europ\u00e9ennes, et nous avons amen\u00e9 avec nous les voix des Europ\u00e9ens qui souhaitent simplement arr\u00eater de fumer sans \u00eatre sanctionn\u00e9s. Des Coffee Bikes aux Couloirs du pouvoir [\u2026]<\/p>","protected":false},"author":13,"featured_media":3644,"comment_status":"closed","ping_status":"open","sticky":false,"template":"","format":"standard","meta":{"footnotes":""},"categories":[9],"tags":[],"class_list":["post-3643","post","type-post","status-publish","format-standard","has-post-thumbnail","hentry","category-blog"],"yoast_head":"<!-- This site is optimized with the Yoast SEO plugin v25.0 - https:\/\/yoast.com\/wordpress\/plugins\/seo\/ -->\n<title>Brussels: Where Europe Decides the Future of Harm Reduction - Considerate Pouchers<\/title>\n<meta name=\"description\" content=\"Protect Pouches European Tour reached the heart of the EU, carrying the voices of Europeans who want to quit smoking without facing punishment.\" \/>\n<meta name=\"robots\" content=\"index, follow, max-snippet:-1, max-image-preview:large, max-video-preview:-1\" \/>\n<link rel=\"canonical\" href=\"https:\/\/consideratepouchers.org\/fr\/bruxelles-la-ou-leurope-decide-de-lavenir-de-la-reduction-des-risques\/\" \/>\n<meta property=\"og:locale\" content=\"fr_FR\" \/>\n<meta property=\"og:type\" content=\"article\" \/>\n<meta property=\"og:title\" content=\"Brussels: Where Europe Decides the Future of Harm Reduction - Considerate Pouchers\" \/>\n<meta property=\"og:description\" content=\"Protect Pouches European Tour reached the heart of the EU, carrying the voices of Europeans who want to quit smoking without facing punishment.\" \/>\n<meta property=\"og:url\" content=\"https:\/\/consideratepouchers.org\/fr\/bruxelles-la-ou-leurope-decide-de-lavenir-de-la-reduction-des-risques\/\" \/>\n<meta property=\"og:site_name\" content=\"Considerate Pouchers\" \/>\n<meta property=\"article:publisher\" content=\"https:\/\/www.facebook.com\/cpouchers\" \/>\n<meta property=\"article:published_time\" content=\"2025-10-03T12:15:23+00:00\" \/>\n<meta property=\"article:modified_time\" content=\"2025-10-03T12:18:56+00:00\" \/>\n<meta property=\"og:image\" content=\"https:\/\/consideratepouchers.org\/wp-content\/uploads\/2025\/10\/Protect-Pouches-Brussels-1024x945.png\" \/>\n\t<meta property=\"og:image:width\" content=\"1024\" \/>\n\t<meta property=\"og:image:height\" content=\"945\" \/>\n\t<meta property=\"og:image:type\" content=\"image\/png\" \/>\n<meta name=\"author\" content=\"Juan Taborcia\" \/>\n<meta name=\"twitter:card\" content=\"summary_large_image\" \/>\n<meta name=\"twitter:creator\" content=\"@CPouchers\" \/>\n<meta name=\"twitter:site\" content=\"@CPouchers\" \/>\n<meta name=\"twitter:label1\" content=\"\u00c9crit par\" \/>\n\t<meta name=\"twitter:data1\" content=\"Juan Taborcia\" \/>\n\t<meta name=\"twitter:label2\" content=\"Dur\u00e9e de lecture estim\u00e9e\" \/>\n\t<meta name=\"twitter:data2\" content=\"3 minutes\" \/>\n<script type=\"application\/ld+json\" class=\"yoast-schema-graph\">{\"@context\":\"https:\/\/schema.org\",\"@graph\":[{\"@type\":\"Article\",\"@id\":\"https:\/\/consideratepouchers.org\/brussels-where-europe-decides-the-future-of-harm-reduction\/#article\",\"isPartOf\":{\"@id\":\"https:\/\/consideratepouchers.org\/brussels-where-europe-decides-the-future-of-harm-reduction\/\"},\"author\":{\"name\":\"Juan Taborcia\",\"@id\":\"https:\/\/consideratepouchers.org\/#\/schema\/person\/0f5a68e74cddc0ec762ddf9ae8cb6cc8\"},\"headline\":\"Brussels: Where Europe Decides the Future of Harm Reduction\",\"datePublished\":\"2025-10-03T12:15:23+00:00\",\"dateModified\":\"2025-10-03T12:18:56+00:00\",\"mainEntityOfPage\":{\"@id\":\"https:\/\/consideratepouchers.org\/brussels-where-europe-decides-the-future-of-harm-reduction\/\"},\"wordCount\":394,\"publisher\":{\"@id\":\"https:\/\/consideratepouchers.org\/#organization\"},\"image\":{\"@id\":\"https:\/\/consideratepouchers.org\/brussels-where-europe-decides-the-future-of-harm-reduction\/#primaryimage\"},\"thumbnailUrl\":\"https:\/\/consideratepouchers.org\/wp-content\/uploads\/2025\/10\/Protect-Pouches-Brussels.png\",\"articleSection\":[\"Blog\"],\"inLanguage\":\"fr-FR\"},{\"@type\":\"WebPage\",\"@id\":\"https:\/\/consideratepouchers.org\/brussels-where-europe-decides-the-future-of-harm-reduction\/\",\"url\":\"https:\/\/consideratepouchers.org\/brussels-where-europe-decides-the-future-of-harm-reduction\/\",\"name\":\"Brussels: Where Europe Decides the Future of Harm Reduction - Considerate Pouchers\",\"isPartOf\":{\"@id\":\"https:\/\/consideratepouchers.org\/#website\"},\"primaryImageOfPage\":{\"@id\":\"https:\/\/consideratepouchers.org\/brussels-where-europe-decides-the-future-of-harm-reduction\/#primaryimage\"},\"image\":{\"@id\":\"https:\/\/consideratepouchers.org\/brussels-where-europe-decides-the-future-of-harm-reduction\/#primaryimage\"},\"thumbnailUrl\":\"https:\/\/consideratepouchers.org\/wp-content\/uploads\/2025\/10\/Protect-Pouches-Brussels.png\",\"datePublished\":\"2025-10-03T12:15:23+00:00\",\"dateModified\":\"2025-10-03T12:18:56+00:00\",\"description\":\"Protect Pouches European Tour reached the heart of the EU, carrying the voices of Europeans who want to quit smoking without facing punishment.\",\"breadcrumb\":{\"@id\":\"https:\/\/consideratepouchers.org\/brussels-where-europe-decides-the-future-of-harm-reduction\/#breadcrumb\"},\"inLanguage\":\"fr-FR\",\"potentialAction\":[{\"@type\":\"ReadAction\",\"target\":[\"https:\/\/consideratepouchers.org\/brussels-where-europe-decides-the-future-of-harm-reduction\/\"]}]},{\"@type\":\"ImageObject\",\"inLanguage\":\"fr-FR\",\"@id\":\"https:\/\/consideratepouchers.org\/brussels-where-europe-decides-the-future-of-harm-reduction\/#primaryimage\",\"url\":\"https:\/\/consideratepouchers.org\/wp-content\/uploads\/2025\/10\/Protect-Pouches-Brussels.png\",\"contentUrl\":\"https:\/\/consideratepouchers.org\/wp-content\/uploads\/2025\/10\/Protect-Pouches-Brussels.png\",\"width\":2081,\"height\":1920},{\"@type\":\"BreadcrumbList\",\"@id\":\"https:\/\/consideratepouchers.org\/brussels-where-europe-decides-the-future-of-harm-reduction\/#breadcrumb\",\"itemListElement\":[{\"@type\":\"ListItem\",\"position\":1,\"name\":\"Home\",\"item\":\"https:\/\/consideratepouchers.org\/\"},{\"@type\":\"ListItem\",\"position\":2,\"name\":\"Brussels: Where Europe Decides the Future of Harm Reduction\"}]},{\"@type\":\"WebSite\",\"@id\":\"https:\/\/consideratepouchers.org\/#website\",\"url\":\"https:\/\/consideratepouchers.org\/\",\"name\":\"Considerate Pouchers\",\"description\":\"Improving Health &amp; Combatting Misinformation\",\"publisher\":{\"@id\":\"https:\/\/consideratepouchers.org\/#organization\"},\"potentialAction\":[{\"@type\":\"SearchAction\",\"target\":{\"@type\":\"EntryPoint\",\"urlTemplate\":\"https:\/\/consideratepouchers.org\/?s={search_term_string}\"},\"query-input\":{\"@type\":\"PropertyValueSpecification\",\"valueRequired\":true,\"valueName\":\"search_term_string\"}}],\"inLanguage\":\"fr-FR\"},{\"@type\":\"Organization\",\"@id\":\"https:\/\/consideratepouchers.org\/#organization\",\"name\":\"Considerate Pouchers\",\"url\":\"https:\/\/consideratepouchers.org\/\",\"logo\":{\"@type\":\"ImageObject\",\"inLanguage\":\"fr-FR\",\"@id\":\"https:\/\/consideratepouchers.org\/#\/schema\/logo\/image\/\",\"url\":\"https:\/\/consideratepouchers.com\/wp-content\/uploads\/2021\/07\/Considerate-Pouchers-lOGO.png\",\"contentUrl\":\"https:\/\/consideratepouchers.com\/wp-content\/uploads\/2021\/07\/Considerate-Pouchers-lOGO.png\",\"width\":504,\"height\":504,\"caption\":\"Considerate Pouchers\"},\"image\":{\"@id\":\"https:\/\/consideratepouchers.org\/#\/schema\/logo\/image\/\"},\"sameAs\":[\"https:\/\/www.facebook.com\/cpouchers\",\"https:\/\/x.com\/CPouchers\",\"https:\/\/www.instagram.com\/cpouchers\"]},{\"@type\":\"Person\",\"@id\":\"https:\/\/consideratepouchers.org\/#\/schema\/person\/0f5a68e74cddc0ec762ddf9ae8cb6cc8\",\"name\":\"Juan Taborcia\",\"url\":\"https:\/\/consideratepouchers.org\/fr\/author\/juan\/\"}]}<\/script>\n<!-- \/ Yoast SEO plugin. -->","yoast_head_json":{"title":"Brussels: Where Europe Decides the Future of Harm Reduction - Considerate Pouchers","description":"Protect Pouches European Tour reached the heart of the EU, carrying the voices of Europeans who want to quit smoking without facing punishment.","robots":{"index":"index","follow":"follow","max-snippet":"max-snippet:-1","max-image-preview":"max-image-preview:large","max-video-preview":"max-video-preview:-1"},"canonical":"https:\/\/consideratepouchers.org\/fr\/bruxelles-la-ou-leurope-decide-de-lavenir-de-la-reduction-des-risques\/","og_locale":"fr_FR","og_type":"article","og_title":"Brussels: Where Europe Decides the Future of Harm Reduction - Considerate Pouchers","og_description":"Protect Pouches European Tour reached the heart of the EU, carrying the voices of Europeans who want to quit smoking without facing punishment.","og_url":"https:\/\/consideratepouchers.org\/fr\/bruxelles-la-ou-leurope-decide-de-lavenir-de-la-reduction-des-risques\/","og_site_name":"Considerate Pouchers","article_publisher":"https:\/\/www.facebook.com\/cpouchers","article_published_time":"2025-10-03T12:15:23+00:00","article_modified_time":"2025-10-03T12:18:56+00:00","og_image":[{"width":1024,"height":945,"url":"https:\/\/consideratepouchers.org\/wp-content\/uploads\/2025\/10\/Protect-Pouches-Brussels-1024x945.png","type":"image\/png"}],"author":"Juan Taborcia","twitter_card":"summary_large_image","twitter_creator":"@CPouchers","twitter_site":"@CPouchers","twitter_misc":{"\u00c9crit par":"Juan Taborcia","Dur\u00e9e de lecture estim\u00e9e":"3 minutes"},"schema":{"@context":"https:\/\/schema.org","@graph":[{"@type":"Article","@id":"https:\/\/consideratepouchers.org\/brussels-where-europe-decides-the-future-of-harm-reduction\/#article","isPartOf":{"@id":"https:\/\/consideratepouchers.org\/brussels-where-europe-decides-the-future-of-harm-reduction\/"},"author":{"name":"Juan Taborcia","@id":"https:\/\/consideratepouchers.org\/#\/schema\/person\/0f5a68e74cddc0ec762ddf9ae8cb6cc8"},"headline":"Brussels: Where Europe Decides the Future of Harm Reduction","datePublished":"2025-10-03T12:15:23+00:00","dateModified":"2025-10-03T12:18:56+00:00","mainEntityOfPage":{"@id":"https:\/\/consideratepouchers.org\/brussels-where-europe-decides-the-future-of-harm-reduction\/"},"wordCount":394,"publisher":{"@id":"https:\/\/consideratepouchers.org\/#organization"},"image":{"@id":"https:\/\/consideratepouchers.org\/brussels-where-europe-decides-the-future-of-harm-reduction\/#primaryimage"},"thumbnailUrl":"https:\/\/consideratepouchers.org\/wp-content\/uploads\/2025\/10\/Protect-Pouches-Brussels.png","articleSection":["Blog"],"inLanguage":"fr-FR"},{"@type":"WebPage","@id":"https:\/\/consideratepouchers.org\/brussels-where-europe-decides-the-future-of-harm-reduction\/","url":"https:\/\/consideratepouchers.org\/brussels-where-europe-decides-the-future-of-harm-reduction\/","name":"Brussels: Where Europe Decides the Future of Harm Reduction - Considerate Pouchers","isPartOf":{"@id":"https:\/\/consideratepouchers.org\/#website"},"primaryImageOfPage":{"@id":"https:\/\/consideratepouchers.org\/brussels-where-europe-decides-the-future-of-harm-reduction\/#primaryimage"},"image":{"@id":"https:\/\/consideratepouchers.org\/brussels-where-europe-decides-the-future-of-harm-reduction\/#primaryimage"},"thumbnailUrl":"https:\/\/consideratepouchers.org\/wp-content\/uploads\/2025\/10\/Protect-Pouches-Brussels.png","datePublished":"2025-10-03T12:15:23+00:00","dateModified":"2025-10-03T12:18:56+00:00","description":"Protect Pouches European Tour reached the heart of the EU, carrying the voices of Europeans who want to quit smoking without facing punishment.","breadcrumb":{"@id":"https:\/\/consideratepouchers.org\/brussels-where-europe-decides-the-future-of-harm-reduction\/#breadcrumb"},"inLanguage":"fr-FR","potentialAction":[{"@type":"ReadAction","target":["https:\/\/consideratepouchers.org\/brussels-where-europe-decides-the-future-of-harm-reduction\/"]}]},{"@type":"ImageObject","inLanguage":"fr-FR","@id":"https:\/\/consideratepouchers.org\/brussels-where-europe-decides-the-future-of-harm-reduction\/#primaryimage","url":"https:\/\/consideratepouchers.org\/wp-content\/uploads\/2025\/10\/Protect-Pouches-Brussels.png","contentUrl":"https:\/\/consideratepouchers.org\/wp-content\/uploads\/2025\/10\/Protect-Pouches-Brussels.png","width":2081,"height":1920},{"@type":"BreadcrumbList","@id":"https:\/\/consideratepouchers.org\/brussels-where-europe-decides-the-future-of-harm-reduction\/#breadcrumb","itemListElement":[{"@type":"ListItem","position":1,"name":"Home","item":"https:\/\/consideratepouchers.org\/"},{"@type":"ListItem","position":2,"name":"Brussels: Where Europe Decides the Future of Harm Reduction"}]},{"@type":"WebSite","@id":"https:\/\/consideratepouchers.org\/#website","url":"https:\/\/consideratepouchers.org\/","name":"Considerate Pouchers","description":"Improving Health &amp; Combatting Misinformation","publisher":{"@id":"https:\/\/consideratepouchers.org\/#organization"},"potentialAction":[{"@type":"SearchAction","target":{"@type":"EntryPoint","urlTemplate":"https:\/\/consideratepouchers.org\/?s={search_term_string}"},"query-input":{"@type":"PropertyValueSpecification","valueRequired":true,"valueName":"search_term_string"}}],"inLanguage":"fr-FR"},{"@type":"Organization","@id":"https:\/\/consideratepouchers.org\/#organization","name":"Considerate Pouchers","url":"https:\/\/consideratepouchers.org\/","logo":{"@type":"ImageObject","inLanguage":"fr-FR","@id":"https:\/\/consideratepouchers.org\/#\/schema\/logo\/image\/","url":"https:\/\/consideratepouchers.com\/wp-content\/uploads\/2021\/07\/Considerate-Pouchers-lOGO.png","contentUrl":"https:\/\/consideratepouchers.com\/wp-content\/uploads\/2021\/07\/Considerate-Pouchers-lOGO.png","width":504,"height":504,"caption":"Considerate Pouchers"},"image":{"@id":"https:\/\/consideratepouchers.org\/#\/schema\/logo\/image\/"},"sameAs":["https:\/\/www.facebook.com\/cpouchers","https:\/\/x.com\/CPouchers","https:\/\/www.instagram.com\/cpouchers"]},{"@type":"Person","@id":"https:\/\/consideratepouchers.org\/#\/schema\/person\/0f5a68e74cddc0ec762ddf9ae8cb6cc8","name":"Juan Taborcia","url":"https:\/\/consideratepouchers.org\/fr\/author\/juan\/"}]}},"jetpack_featured_media_url":"https:\/\/consideratepouchers.org\/wp-content\/uploads\/2025\/10\/Protect-Pouches-Brussels.png","_links":{"self":[{"href":"https:\/\/consideratepouchers.org\/fr\/wp-json\/wp\/v2\/posts\/3643","targetHints":{"allow":["GET"]}}],"collection":[{"href":"https:\/\/consideratepouchers.org\/fr\/wp-json\/wp\/v2\/posts"}],"about":[{"href":"https:\/\/consideratepouchers.org\/fr\/wp-json\/wp\/v2\/types\/post"}],"author":[{"embeddable":true,"href":"https:\/\/consideratepouchers.org\/fr\/wp-json\/wp\/v2\/users\/13"}],"replies":[{"embeddable":true,"href":"https:\/\/consideratepouchers.org\/fr\/wp-json\/wp\/v2\/comments?post=3643"}],"version-history":[{"count":0,"href":"https:\/\/consideratepouchers.org\/fr\/wp-json\/wp\/v2\/posts\/3643\/revisions"}],"wp:featuredmedia":[{"embeddable":true,"href":"https:\/\/consideratepouchers.org\/fr\/wp-json\/wp\/v2\/media\/3644"}],"wp:attachment":[{"href":"https:\/\/consideratepouchers.org\/fr\/wp-json\/wp\/v2\/media?parent=3643"}],"wp:term":[{"taxonomy":"category","embeddable":true,"href":"https:\/\/consideratepouchers.org\/fr\/wp-json\/wp\/v2\/categories?post=3643"},{"taxonomy":"post_tag","embeddable":true,"href":"https:\/\/consideratepouchers.org\/fr\/wp-json\/wp\/v2\/tags?post=3643"}],"curies":[{"name":"wp","href":"https:\/\/api.w.org\/{rel}","templated":true}]}}