{"id":3631,"date":"2025-09-22T05:40:46","date_gmt":"2025-09-22T05:40:46","guid":{"rendered":"https:\/\/consideratepouchers.org\/?p=3631"},"modified":"2025-09-23T11:29:37","modified_gmt":"2025-09-23T11:29:37","slug":"berlin-on-the-other-side-of-the-wall","status":"publish","type":"post","link":"https:\/\/consideratepouchers.org\/sv\/berlin-pa-andra-sidan-muren\/","title":{"rendered":"Berlin: P\u00e5 andra sidan muren"},"content":{"rendered":"<p>Berlin. En stad som k\u00e4nner till murar, och vad det inneb\u00e4r att riva ner dem.<\/p>\n\n\n\n<p>Den h\u00e4r veckan tog vi hit Protect Pouches European Tour, med v\u00e5r kaffejetpack, kanelbullar och ett enkelt budskap: bygg inte nya murar mellan m\u00e4nniskor och de val som r\u00e4ddar deras liv.<\/p>\n\n\n\n<h5 class=\"wp-block-heading\">Kaffe, kanelbullar och samtal<\/h5>\n\n\n\n<p>Mitt i hj\u00e4rtat av Berlin blev v\u00e5r kaffecykel en magnet. Folk stannade f\u00f6r kaffe, tog kanelbullar och, viktigast av allt, delade sina ber\u00e4ttelser. R\u00f6kare som hade slutat. V\u00e4nner som inte l\u00e4ngre andas passiv r\u00f6kning. Familjer som inte l\u00e4ngre oroar sig f\u00f6r lukten av cigaretter.<\/p>\n\n\n\n<p>Varje signerat vykort var ett budskap till lagstiftarna: f\u00f6rv\u00e4xla inte p\u00e5sar med cigaretter, f\u00f6rbjud inte det som fungerar.<\/p>\n\n\n\n<h5 class=\"wp-block-heading\">Bryssel vill ha barri\u00e4rer. Berlinarna vill ha h\u00e4lsa.<\/h5>\n\n\n\n<p>Medan berlinborna pratade med oss om att bli av med cigaretter, \u00e4r Bryssel upptagna med att utarbeta en plan f\u00f6r hj\u00e4rt-k\u00e4rlh\u00e4lsa som otroligt nog skulle kunna klassificera cigaretter som &quot;riskfaktorer&quot;.&nbsp;<\/p>\n\n\n\n<p>Det \u00e4r som att f\u00f6rbjuda s\u00e4kerhetsb\u00e4lten f\u00f6r att de p\u00e5minner om bilolyckor.<\/p>\n\n\n\n<p>Vetenskapen \u00e4r tydlig:<\/p>\n\n\n\n<ul class=\"wp-block-list\">\n<li>P\u00e5sar \u00e4r r\u00f6kfria, tobaksfria och mycket mindre skadliga \u00e4n cigaretter.<br><\/li>\n\n\n\n<li>Sveriges modell bevisar det: den l\u00e4gsta r\u00f6kningssiffran i Europa (5,6%), 44% f\u00e4rre tobaksd\u00f6dsfall och de l\u00e4gsta lungcancersiffrorna i EU.<br><\/li>\n\n\n\n<li>Och ja, l\u00e4gre hj\u00e4rtsjukdomar och strokefrekvenser \u00e4n deras grannar.<br><\/li>\n<\/ul>\n\n\n\n<p>Om resten av Europa f\u00f6ljde Sveriges exempel skulle 3,5 miljoner liv kunna r\u00e4ddas under det kommande decenniet.<\/p>\n\n\n\n<h5 class=\"wp-block-heading\">Tyskland vid ett v\u00e4gsk\u00e4l<\/h5>\n\n\n\n<p>H\u00e4r i Tyskland befinner sig p\u00e5sar i en juridisk gr\u00e5zon:<\/p>\n\n\n\n<ul class=\"wp-block-list\">\n<li>F\u00f6rs\u00e4ljning \u00e4r f\u00f6rbjuden, men \u00f6ver 1,4 miljoner m\u00e4nniskor anv\u00e4nder dem redan.<br><\/li>\n\n\n\n<li>Det inneb\u00e4r okontrollerad import, inga kvalitetsstandarder och missade m\u00f6jligheter f\u00f6r b\u00e5de r\u00f6kares h\u00e4lsa och framtida icke-r\u00f6kare.<br><\/li>\n<\/ul>\n\n\n\n<p>Tyskland beh\u00f6ver inte f\u00f6rvirring eller f\u00f6rbud. Det beh\u00f6ver <strong>tydliga regler<\/strong>:<\/p>\n\n\n\n<ul class=\"wp-block-list\">\n<li>S\u00e4kra kvalitetsstandarder.<br><\/li>\n\n\n\n<li>Laglig f\u00f6rs\u00e4ljning i butiker, inte p\u00e5 svarta marknaden.<br><\/li>\n\n\n\n<li>Smaker och r\u00e4ttvis konsumenttillg\u00e5ng skyddas.<br><\/li>\n<\/ul>\n\n\n\n<p>Berlinborna sa samma sak till oss \u00f6ver kaffe och bulle: de vill ha valm\u00f6jligheter, trygghet och en verklig chans att sluta r\u00f6ka.<\/p>\n\n\n\n<h5 class=\"wp-block-heading\">Den enda v\u00e4ggen som spelar roll<\/h5>\n\n\n\n<p>N\u00e4r man st\u00e5r i Berlin kan man inte l\u00e5ta bli att minnas hur splittring ser ut. M\u00e4nniskor p\u00e5 ena sidan muren, f\u00e5ngade. M\u00e4nniskor p\u00e5 den andra, fria.<\/p>\n\n\n\n<p>Europa st\u00e5r nu inf\u00f6r valet: att h\u00e5lla r\u00f6kare f\u00e5ngade i oh\u00e4lsosamma vanor, eller att riva ner muren och l\u00e5ta vuxna v\u00e4lja betydligt s\u00e4krare alternativ.<\/p>\n\n\n\n<h5 class=\"wp-block-heading\">V\u00e5rt budskap fr\u00e5n Berlin<\/h5>\n\n\n\n<p>Fr\u00e5n Paris till Berlin \u00e4r budskapet detsamma:<\/p>\n\n\n\n<ul class=\"wp-block-list\">\n<li>L\u00e5t vuxna v\u00e4lja ett b\u00e4ttre s\u00e4tt att sluta r\u00f6ka.<\/li>\n\n\n\n<li>L\u00e5t oss sluta realistiskt och leva h\u00e4lsosammare liv.<\/li>\n\n\n\n<li>F\u00f6rbjud och \u00f6verskatta inte p\u00e5sar som cigaretter.<br><\/li>\n<\/ul>\n\n\n\n<p>Berlin visade oss att folk f\u00f6rst\u00e5r skademinskning. Nu \u00e4r det Bryssels tur.<\/p>\n\n\n\n<p>Skydda p\u00e5sar. Skydda v\u00e5ra val. Skydda v\u00e5ra liv.<\/p>\n\n\n\n<p>N\u00e4sta stopp: Europaparlamentet i Bryssel.<\/p>\n\n\n\n<figure class=\"wp-block-gallery has-nested-images columns-default is-cropped wp-block-gallery-1 is-layout-flex wp-block-gallery-is-layout-flex\">\n<figure class=\"wp-block-image\"><img fetchpriority=\"high\" decoding=\"async\" width=\"2560\" height=\"1920\" data-id=\"3622\" src=\"https:\/\/consideratepouchers.org\/wp-content\/uploads\/2025\/09\/Protect-Pouches-Berlin-scaled.jpg\" alt=\"\" class=\"wp-image-3622\" srcset=\"https:\/\/consideratepouchers.org\/wp-content\/uploads\/2025\/09\/Protect-Pouches-Berlin-scaled.jpg 2560w, https:\/\/consideratepouchers.org\/wp-content\/uploads\/2025\/09\/Protect-Pouches-Berlin-300x225.jpg 300w, https:\/\/consideratepouchers.org\/wp-content\/uploads\/2025\/09\/Protect-Pouches-Berlin-1024x768.jpg 1024w, https:\/\/consideratepouchers.org\/wp-content\/uploads\/2025\/09\/Protect-Pouches-Berlin-768x576.jpg 768w, https:\/\/consideratepouchers.org\/wp-content\/uploads\/2025\/09\/Protect-Pouches-Berlin-1536x1152.jpg 1536w, https:\/\/consideratepouchers.org\/wp-content\/uploads\/2025\/09\/Protect-Pouches-Berlin-2048x1536.jpg 2048w, https:\/\/consideratepouchers.org\/wp-content\/uploads\/2025\/09\/Protect-Pouches-Berlin-16x12.jpg 16w\" sizes=\"(max-width: 2560px) 100vw, 2560px\" \/><figcaption class=\"wp-element-caption\">Berlin<\/figcaption><\/figure>\n\n\n\n<figure class=\"wp-block-image\"><img decoding=\"async\" width=\"1920\" height=\"2560\" data-id=\"3623\" src=\"https:\/\/consideratepouchers.org\/wp-content\/uploads\/2025\/09\/Protect-Pouches-Berlin1-scaled.jpg\" alt=\"\" class=\"wp-image-3623\" srcset=\"https:\/\/consideratepouchers.org\/wp-content\/uploads\/2025\/09\/Protect-Pouches-Berlin1-scaled.jpg 1920w, https:\/\/consideratepouchers.org\/wp-content\/uploads\/2025\/09\/Protect-Pouches-Berlin1-225x300.jpg 225w, https:\/\/consideratepouchers.org\/wp-content\/uploads\/2025\/09\/Protect-Pouches-Berlin1-768x1024.jpg 768w, https:\/\/consideratepouchers.org\/wp-content\/uploads\/2025\/09\/Protect-Pouches-Berlin1-1152x1536.jpg 1152w, https:\/\/consideratepouchers.org\/wp-content\/uploads\/2025\/09\/Protect-Pouches-Berlin1-1536x2048.jpg 1536w, https:\/\/consideratepouchers.org\/wp-content\/uploads\/2025\/09\/Protect-Pouches-Berlin1-9x12.jpg 9w\" sizes=\"(max-width: 1920px) 100vw, 1920px\" \/><figcaption class=\"wp-element-caption\">Berlin<\/figcaption><\/figure>\n<\/figure>","protected":false},"excerpt":{"rendered":"<p>Berlin. En stad som k\u00e4nner till murar och vad det inneb\u00e4r att riva ner dem. Den h\u00e4r veckan tog vi med oss Protect Pouches European Tour hit, med v\u00e5r kaffejetpack, kanelbullar och ett enkelt budskap: bygg inte nya murar mellan m\u00e4nniskor och de val som r\u00e4ddar deras liv. Kaffe, kanelbullar och samtal mitt i [\u2026]<\/p>","protected":false},"author":13,"featured_media":3632,"comment_status":"closed","ping_status":"open","sticky":false,"template":"","format":"standard","meta":{"footnotes":""},"categories":[9],"tags":[],"class_list":["post-3631","post","type-post","status-publish","format-standard","has-post-thumbnail","hentry","category-blog"],"yoast_head":"<!-- This site is optimized with the Yoast SEO plugin v25.0 - https:\/\/yoast.com\/wordpress\/plugins\/seo\/ -->\n<title>Berlin: On the Other Side of the Wall - Considerate Pouchers<\/title>\n<meta name=\"description\" content=\"We brought the Protect Pouches European Tour to Berlin with a message: don\u2019t build new walls between people and the choices that save their lives.\" \/>\n<meta name=\"robots\" content=\"index, follow, max-snippet:-1, max-image-preview:large, max-video-preview:-1\" \/>\n<link rel=\"canonical\" href=\"https:\/\/consideratepouchers.org\/sv\/berlin-pa-andra-sidan-muren\/\" \/>\n<meta property=\"og:locale\" content=\"sv_SE\" \/>\n<meta property=\"og:type\" content=\"article\" \/>\n<meta property=\"og:title\" content=\"Berlin: On the Other Side of the Wall - Considerate Pouchers\" \/>\n<meta property=\"og:description\" content=\"We brought the Protect Pouches European Tour to Berlin with a message: don\u2019t build new walls between people and the choices that save their lives.\" \/>\n<meta property=\"og:url\" content=\"https:\/\/consideratepouchers.org\/sv\/berlin-pa-andra-sidan-muren\/\" \/>\n<meta property=\"og:site_name\" content=\"Considerate Pouchers\" \/>\n<meta property=\"article:publisher\" content=\"https:\/\/www.facebook.com\/cpouchers\" \/>\n<meta property=\"article:published_time\" content=\"2025-09-22T05:40:46+00:00\" \/>\n<meta property=\"article:modified_time\" content=\"2025-09-23T11:29:37+00:00\" \/>\n<meta property=\"og:image\" content=\"https:\/\/consideratepouchers.org\/wp-content\/uploads\/2025\/09\/Protect-Pouches-Berlin-image-1024x945.png\" \/>\n\t<meta property=\"og:image:width\" content=\"1024\" \/>\n\t<meta property=\"og:image:height\" content=\"945\" \/>\n\t<meta property=\"og:image:type\" content=\"image\/png\" \/>\n<meta name=\"author\" content=\"Juan Taborcia\" \/>\n<meta name=\"twitter:card\" content=\"summary_large_image\" \/>\n<meta name=\"twitter:creator\" content=\"@CPouchers\" \/>\n<meta name=\"twitter:site\" content=\"@CPouchers\" \/>\n<meta name=\"twitter:label1\" content=\"Skriven av\" \/>\n\t<meta name=\"twitter:data1\" content=\"Juan Taborcia\" \/>\n\t<meta name=\"twitter:label2\" content=\"Ber\u00e4knad l\u00e4stid\" \/>\n\t<meta name=\"twitter:data2\" content=\"3 minuter\" \/>\n<script type=\"application\/ld+json\" class=\"yoast-schema-graph\">{\"@context\":\"https:\/\/schema.org\",\"@graph\":[{\"@type\":\"Article\",\"@id\":\"https:\/\/consideratepouchers.org\/berlin-on-the-other-side-of-the-wall\/#article\",\"isPartOf\":{\"@id\":\"https:\/\/consideratepouchers.org\/berlin-on-the-other-side-of-the-wall\/\"},\"author\":{\"name\":\"Juan Taborcia\",\"@id\":\"https:\/\/consideratepouchers.org\/#\/schema\/person\/0f5a68e74cddc0ec762ddf9ae8cb6cc8\"},\"headline\":\"Berlin: On the Other Side of the Wall\",\"datePublished\":\"2025-09-22T05:40:46+00:00\",\"dateModified\":\"2025-09-23T11:29:37+00:00\",\"mainEntityOfPage\":{\"@id\":\"https:\/\/consideratepouchers.org\/berlin-on-the-other-side-of-the-wall\/\"},\"wordCount\":450,\"publisher\":{\"@id\":\"https:\/\/consideratepouchers.org\/#organization\"},\"image\":{\"@id\":\"https:\/\/consideratepouchers.org\/berlin-on-the-other-side-of-the-wall\/#primaryimage\"},\"thumbnailUrl\":\"https:\/\/consideratepouchers.org\/wp-content\/uploads\/2025\/09\/Protect-Pouches-Berlin-image.png\",\"articleSection\":[\"Blog\"],\"inLanguage\":\"sv-SE\"},{\"@type\":\"WebPage\",\"@id\":\"https:\/\/consideratepouchers.org\/berlin-on-the-other-side-of-the-wall\/\",\"url\":\"https:\/\/consideratepouchers.org\/berlin-on-the-other-side-of-the-wall\/\",\"name\":\"Berlin: On the Other Side of the Wall - Considerate Pouchers\",\"isPartOf\":{\"@id\":\"https:\/\/consideratepouchers.org\/#website\"},\"primaryImageOfPage\":{\"@id\":\"https:\/\/consideratepouchers.org\/berlin-on-the-other-side-of-the-wall\/#primaryimage\"},\"image\":{\"@id\":\"https:\/\/consideratepouchers.org\/berlin-on-the-other-side-of-the-wall\/#primaryimage\"},\"thumbnailUrl\":\"https:\/\/consideratepouchers.org\/wp-content\/uploads\/2025\/09\/Protect-Pouches-Berlin-image.png\",\"datePublished\":\"2025-09-22T05:40:46+00:00\",\"dateModified\":\"2025-09-23T11:29:37+00:00\",\"description\":\"We brought the Protect Pouches European Tour to Berlin with a message: don\u2019t build new walls between people and the choices that save their lives.\",\"breadcrumb\":{\"@id\":\"https:\/\/consideratepouchers.org\/berlin-on-the-other-side-of-the-wall\/#breadcrumb\"},\"inLanguage\":\"sv-SE\",\"potentialAction\":[{\"@type\":\"ReadAction\",\"target\":[\"https:\/\/consideratepouchers.org\/berlin-on-the-other-side-of-the-wall\/\"]}]},{\"@type\":\"ImageObject\",\"inLanguage\":\"sv-SE\",\"@id\":\"https:\/\/consideratepouchers.org\/berlin-on-the-other-side-of-the-wall\/#primaryimage\",\"url\":\"https:\/\/consideratepouchers.org\/wp-content\/uploads\/2025\/09\/Protect-Pouches-Berlin-image.png\",\"contentUrl\":\"https:\/\/consideratepouchers.org\/wp-content\/uploads\/2025\/09\/Protect-Pouches-Berlin-image.png\",\"width\":2081,\"height\":1920},{\"@type\":\"BreadcrumbList\",\"@id\":\"https:\/\/consideratepouchers.org\/berlin-on-the-other-side-of-the-wall\/#breadcrumb\",\"itemListElement\":[{\"@type\":\"ListItem\",\"position\":1,\"name\":\"Home\",\"item\":\"https:\/\/consideratepouchers.org\/\"},{\"@type\":\"ListItem\",\"position\":2,\"name\":\"Berlin: On the Other Side of the Wall\"}]},{\"@type\":\"WebSite\",\"@id\":\"https:\/\/consideratepouchers.org\/#website\",\"url\":\"https:\/\/consideratepouchers.org\/\",\"name\":\"Considerate Pouchers\",\"description\":\"Improving Health &amp; Combatting Misinformation\",\"publisher\":{\"@id\":\"https:\/\/consideratepouchers.org\/#organization\"},\"potentialAction\":[{\"@type\":\"SearchAction\",\"target\":{\"@type\":\"EntryPoint\",\"urlTemplate\":\"https:\/\/consideratepouchers.org\/?s={search_term_string}\"},\"query-input\":{\"@type\":\"PropertyValueSpecification\",\"valueRequired\":true,\"valueName\":\"search_term_string\"}}],\"inLanguage\":\"sv-SE\"},{\"@type\":\"Organization\",\"@id\":\"https:\/\/consideratepouchers.org\/#organization\",\"name\":\"Considerate Pouchers\",\"url\":\"https:\/\/consideratepouchers.org\/\",\"logo\":{\"@type\":\"ImageObject\",\"inLanguage\":\"sv-SE\",\"@id\":\"https:\/\/consideratepouchers.org\/#\/schema\/logo\/image\/\",\"url\":\"https:\/\/consideratepouchers.com\/wp-content\/uploads\/2021\/07\/Considerate-Pouchers-lOGO.png\",\"contentUrl\":\"https:\/\/consideratepouchers.com\/wp-content\/uploads\/2021\/07\/Considerate-Pouchers-lOGO.png\",\"width\":504,\"height\":504,\"caption\":\"Considerate Pouchers\"},\"image\":{\"@id\":\"https:\/\/consideratepouchers.org\/#\/schema\/logo\/image\/\"},\"sameAs\":[\"https:\/\/www.facebook.com\/cpouchers\",\"https:\/\/x.com\/CPouchers\",\"https:\/\/www.instagram.com\/cpouchers\"]},{\"@type\":\"Person\",\"@id\":\"https:\/\/consideratepouchers.org\/#\/schema\/person\/0f5a68e74cddc0ec762ddf9ae8cb6cc8\",\"name\":\"Juan Taborcia\",\"url\":\"https:\/\/consideratepouchers.org\/sv\/author\/juan\/\"}]}<\/script>\n<!-- \/ Yoast SEO plugin. -->","yoast_head_json":{"title":"Berlin: On the Other Side of the Wall - Considerate Pouchers","description":"We brought the Protect Pouches European Tour to Berlin with a message: don\u2019t build new walls between people and the choices that save their lives.","robots":{"index":"index","follow":"follow","max-snippet":"max-snippet:-1","max-image-preview":"max-image-preview:large","max-video-preview":"max-video-preview:-1"},"canonical":"https:\/\/consideratepouchers.org\/sv\/berlin-pa-andra-sidan-muren\/","og_locale":"sv_SE","og_type":"article","og_title":"Berlin: On the Other Side of the Wall - Considerate Pouchers","og_description":"We brought the Protect Pouches European Tour to Berlin with a message: don\u2019t build new walls between people and the choices that save their lives.","og_url":"https:\/\/consideratepouchers.org\/sv\/berlin-pa-andra-sidan-muren\/","og_site_name":"Considerate Pouchers","article_publisher":"https:\/\/www.facebook.com\/cpouchers","article_published_time":"2025-09-22T05:40:46+00:00","article_modified_time":"2025-09-23T11:29:37+00:00","og_image":[{"width":1024,"height":945,"url":"https:\/\/consideratepouchers.org\/wp-content\/uploads\/2025\/09\/Protect-Pouches-Berlin-image-1024x945.png","type":"image\/png"}],"author":"Juan Taborcia","twitter_card":"summary_large_image","twitter_creator":"@CPouchers","twitter_site":"@CPouchers","twitter_misc":{"Skriven av":"Juan Taborcia","Ber\u00e4knad l\u00e4stid":"3 minuter"},"schema":{"@context":"https:\/\/schema.org","@graph":[{"@type":"Article","@id":"https:\/\/consideratepouchers.org\/berlin-on-the-other-side-of-the-wall\/#article","isPartOf":{"@id":"https:\/\/consideratepouchers.org\/berlin-on-the-other-side-of-the-wall\/"},"author":{"name":"Juan Taborcia","@id":"https:\/\/consideratepouchers.org\/#\/schema\/person\/0f5a68e74cddc0ec762ddf9ae8cb6cc8"},"headline":"Berlin: On the Other Side of the Wall","datePublished":"2025-09-22T05:40:46+00:00","dateModified":"2025-09-23T11:29:37+00:00","mainEntityOfPage":{"@id":"https:\/\/consideratepouchers.org\/berlin-on-the-other-side-of-the-wall\/"},"wordCount":450,"publisher":{"@id":"https:\/\/consideratepouchers.org\/#organization"},"image":{"@id":"https:\/\/consideratepouchers.org\/berlin-on-the-other-side-of-the-wall\/#primaryimage"},"thumbnailUrl":"https:\/\/consideratepouchers.org\/wp-content\/uploads\/2025\/09\/Protect-Pouches-Berlin-image.png","articleSection":["Blog"],"inLanguage":"sv-SE"},{"@type":"WebPage","@id":"https:\/\/consideratepouchers.org\/berlin-on-the-other-side-of-the-wall\/","url":"https:\/\/consideratepouchers.org\/berlin-on-the-other-side-of-the-wall\/","name":"Berlin: On the Other Side of the Wall - Considerate Pouchers","isPartOf":{"@id":"https:\/\/consideratepouchers.org\/#website"},"primaryImageOfPage":{"@id":"https:\/\/consideratepouchers.org\/berlin-on-the-other-side-of-the-wall\/#primaryimage"},"image":{"@id":"https:\/\/consideratepouchers.org\/berlin-on-the-other-side-of-the-wall\/#primaryimage"},"thumbnailUrl":"https:\/\/consideratepouchers.org\/wp-content\/uploads\/2025\/09\/Protect-Pouches-Berlin-image.png","datePublished":"2025-09-22T05:40:46+00:00","dateModified":"2025-09-23T11:29:37+00:00","description":"We brought the Protect Pouches European Tour to Berlin with a message: don\u2019t build new walls between people and the choices that save their lives.","breadcrumb":{"@id":"https:\/\/consideratepouchers.org\/berlin-on-the-other-side-of-the-wall\/#breadcrumb"},"inLanguage":"sv-SE","potentialAction":[{"@type":"ReadAction","target":["https:\/\/consideratepouchers.org\/berlin-on-the-other-side-of-the-wall\/"]}]},{"@type":"ImageObject","inLanguage":"sv-SE","@id":"https:\/\/consideratepouchers.org\/berlin-on-the-other-side-of-the-wall\/#primaryimage","url":"https:\/\/consideratepouchers.org\/wp-content\/uploads\/2025\/09\/Protect-Pouches-Berlin-image.png","contentUrl":"https:\/\/consideratepouchers.org\/wp-content\/uploads\/2025\/09\/Protect-Pouches-Berlin-image.png","width":2081,"height":1920},{"@type":"BreadcrumbList","@id":"https:\/\/consideratepouchers.org\/berlin-on-the-other-side-of-the-wall\/#breadcrumb","itemListElement":[{"@type":"ListItem","position":1,"name":"Home","item":"https:\/\/consideratepouchers.org\/"},{"@type":"ListItem","position":2,"name":"Berlin: On the Other Side of the Wall"}]},{"@type":"WebSite","@id":"https:\/\/consideratepouchers.org\/#website","url":"https:\/\/consideratepouchers.org\/","name":"Considerate Pouchers","description":"Improving Health &amp; Combatting Misinformation","publisher":{"@id":"https:\/\/consideratepouchers.org\/#organization"},"potentialAction":[{"@type":"SearchAction","target":{"@type":"EntryPoint","urlTemplate":"https:\/\/consideratepouchers.org\/?s={search_term_string}"},"query-input":{"@type":"PropertyValueSpecification","valueRequired":true,"valueName":"search_term_string"}}],"inLanguage":"sv-SE"},{"@type":"Organization","@id":"https:\/\/consideratepouchers.org\/#organization","name":"Considerate Pouchers","url":"https:\/\/consideratepouchers.org\/","logo":{"@type":"ImageObject","inLanguage":"sv-SE","@id":"https:\/\/consideratepouchers.org\/#\/schema\/logo\/image\/","url":"https:\/\/consideratepouchers.com\/wp-content\/uploads\/2021\/07\/Considerate-Pouchers-lOGO.png","contentUrl":"https:\/\/consideratepouchers.com\/wp-content\/uploads\/2021\/07\/Considerate-Pouchers-lOGO.png","width":504,"height":504,"caption":"Considerate Pouchers"},"image":{"@id":"https:\/\/consideratepouchers.org\/#\/schema\/logo\/image\/"},"sameAs":["https:\/\/www.facebook.com\/cpouchers","https:\/\/x.com\/CPouchers","https:\/\/www.instagram.com\/cpouchers"]},{"@type":"Person","@id":"https:\/\/consideratepouchers.org\/#\/schema\/person\/0f5a68e74cddc0ec762ddf9ae8cb6cc8","name":"Juan Taborcia","url":"https:\/\/consideratepouchers.org\/sv\/author\/juan\/"}]}},"jetpack_featured_media_url":"https:\/\/consideratepouchers.org\/wp-content\/uploads\/2025\/09\/Protect-Pouches-Berlin-image.png","_links":{"self":[{"href":"https:\/\/consideratepouchers.org\/sv\/wp-json\/wp\/v2\/posts\/3631","targetHints":{"allow":["GET"]}}],"collection":[{"href":"https:\/\/consideratepouchers.org\/sv\/wp-json\/wp\/v2\/posts"}],"about":[{"href":"https:\/\/consideratepouchers.org\/sv\/wp-json\/wp\/v2\/types\/post"}],"author":[{"embeddable":true,"href":"https:\/\/consideratepouchers.org\/sv\/wp-json\/wp\/v2\/users\/13"}],"replies":[{"embeddable":true,"href":"https:\/\/consideratepouchers.org\/sv\/wp-json\/wp\/v2\/comments?post=3631"}],"version-history":[{"count":0,"href":"https:\/\/consideratepouchers.org\/sv\/wp-json\/wp\/v2\/posts\/3631\/revisions"}],"wp:featuredmedia":[{"embeddable":true,"href":"https:\/\/consideratepouchers.org\/sv\/wp-json\/wp\/v2\/media\/3632"}],"wp:attachment":[{"href":"https:\/\/consideratepouchers.org\/sv\/wp-json\/wp\/v2\/media?parent=3631"}],"wp:term":[{"taxonomy":"category","embeddable":true,"href":"https:\/\/consideratepouchers.org\/sv\/wp-json\/wp\/v2\/categories?post=3631"},{"taxonomy":"post_tag","embeddable":true,"href":"https:\/\/consideratepouchers.org\/sv\/wp-json\/wp\/v2\/tags?post=3631"}],"curies":[{"name":"wp","href":"https:\/\/api.w.org\/{rel}","templated":true}]}}