{"id":3681,"date":"2025-12-16T11:37:35","date_gmt":"2025-12-16T11:37:35","guid":{"rendered":"https:\/\/consideratepouchers.org\/?p=3681"},"modified":"2025-12-16T11:37:36","modified_gmt":"2025-12-16T11:37:36","slug":"they-made-it-personal-the-human-cost-of-eu-nicotine-regulation","status":"publish","type":"post","link":"https:\/\/consideratepouchers.org\/sv\/de-gjorde-det-personligt-den-manskliga-kostnaden-for-eus-nikotinreglering\/","title":{"rendered":"De gjorde det personligt: Den m\u00e4nskliga kostnaden f\u00f6r EU:s nikotinf\u00f6rordning"},"content":{"rendered":"<p>I \u00e5ratal var nikotinpolitiken i Europa tr\u00e5kig. Teknisk. Byr\u00e5kratisk. Skriven av m\u00e4nniskor som aldrig hade tr\u00e4ffat en r\u00f6kare som faktiskt slutat. Det f\u00f6r\u00e4ndrades.<\/p>\n\n\n\n<p>F\u00f6r nu diskuterar Europeiska kommissionen inte bara reglering.<\/p>\n\n\n\n<p>Det handlar om att jaga just de verktyg som hj\u00e4lpt miljontals m\u00e4nniskor att f\u00f6r\u00e4ndra sina liv till det b\u00e4ttre. Och det var d\u00e5 det slutade vara teoretiskt. Det var d\u00e5 det blev personligt.<\/p>\n\n\n\n<h4 class=\"wp-block-heading\"><strong>Vi k\u00e4nner dessa m\u00e4nniskor<\/strong><\/h4>\n\n\n\n<p>Vi pratar inte om statistik i ett kalkylblad. Vi pratar om v\u00e4nner som slutade hosta varje morgon.<\/p>\n\n\n\n<p>F\u00f6r\u00e4ldrar som inte l\u00e4ngre luktar r\u00f6k n\u00e4r de kramar sina barn. Kollegor som \u00e4ntligen slutar efter att ha misslyckats med pl\u00e5ster, tandk\u00f6tt och goda avsikter. Vi har sett det p\u00e5 n\u00e4ra h\u00e5ll. Vi har upplevt det.<\/p>\n\n\n\n<p>Nikotinp\u00e5sar d\u00f6k inte upp i ett vakuum. De d\u00f6k upp d\u00e4r ingenting annat fungerade. Tyst. Effektivt. Utan fanfarer. Utan r\u00f6k. Utan f\u00f6rel\u00e4sningar. Och nu vill Bryssel l\u00e5tsas att det aldrig h\u00e4nde.<\/p>\n\n\n\n<h4 class=\"wp-block-heading\"><strong>N\u00e4r byr\u00e5krati m\u00f6ter verklighet<\/strong><\/h4>\n\n\n\n<p>H\u00e4r \u00e4r den obekv\u00e4ma sanningen: De som skriver dessa policyer k\u00e4nner inte de m\u00e4nniskor som drabbas av dem. De har aldrig suttit mitt emot n\u00e5gon som s\u00e4ger: &quot;Det h\u00e4r \u00e4r det f\u00f6rsta som fungerade f\u00f6r mig.&quot; De har aldrig h\u00f6rt: &quot;Jag slutade \u00e4ntligen.&quot; De har aldrig sett n\u00e5gon \u00e5terf\u00e5 sin h\u00e4lsa utan att vara perfekt, bara b\u00e4ttre. Men det har vi.<\/p>\n\n\n\n<p>Och n\u00e4r institutioner avf\u00e4rdar den verkligheten, n\u00e4r de plattar ut allting till &quot;nikotin \u00e4r nikotin&quot;, \u00e4r de inte f\u00f6rsiktiga. De \u00e4r slarviga. Slarviga med m\u00e4nniskors liv. Slarviga med framsteg. Slarviga med sanningen.<\/p>\n\n\n\n<h4 class=\"wp-block-heading\"><strong>De valde fel kamp<\/strong><\/h4>\n\n\n\n<p>Kommissionen kanske tror att detta bara \u00e4r ytterligare en policyfil. \u00c4nnu en h\u00e4lsobilaga. \u00c4nnu en rad i en rapport. Det \u00e4r det inte.<\/p>\n\n\n\n<p>F\u00f6r p\u00e5 andra sidan av den h\u00e4r debatten finns riktiga m\u00e4nniskor som gjorde sv\u00e5ra val och till slut vann.<\/p>\n\n\n\n<p>Och n\u00e4r du s\u00e4ger till de m\u00e4nniskorna att deras s\u00e4krare val pl\u00f6tsligt \u00e4r en &quot;risk&quot;, eller att det borde beskattas, begr\u00e4nsas eller regleras som cigaretter, s\u00e5 skyddar du dem inte. Du f\u00f6rol\u00e4mpar dem. Du s\u00e4ger till dem att deras framg\u00e5ng inte r\u00e4knas. Att deras erfarenhet inte spelar n\u00e5gon roll. Att bevisen fr\u00e5n deras egna liv \u00e4r obekv\u00e4mt. Det \u00e4r d\u00e5 du m\u00f6ter motst\u00e5nd.<\/p>\n\n\n\n<h4 class=\"wp-block-heading\"><strong>Varf\u00f6r Considerate Pouchers existerar<\/strong><\/h4>\n\n\n\n<p>Considerate Pouchers existerar av en anledning: F\u00f6r att ingen annan stod upp f\u00f6r de m\u00e4nniskor som faktiskt slutade tack vare p\u00e5sar. Inte de icke-statliga organisationer som pratar. <em>om<\/em> r\u00f6kare men aldrig <em>till<\/em> dem. Inte institutionerna som f\u00f6rv\u00e4xlar skada med vana. Inte beslutsfattarna som tror att f\u00f6rbjuda saker \u00e4r detsamma som att l\u00f6sa problem. Vi \u00e4r gr\u00e4nsen mellan levd erfarenhet och byr\u00e5kratisk fantasi. Vi talar f\u00f6r de m\u00e4nniskor som inte har en r\u00f6st och som just hittat n\u00e5got som fungerade och vill leva h\u00e4lsosammare liv.<\/p>\n\n\n\n<h4 class=\"wp-block-heading\"><strong>Den sista f\u00f6rsvarslinjen<\/strong><\/h4>\n\n\n\n<p>L\u00e5t oss vara \u00e4rliga: Om Considerate Pouchers inte protesterar, kommer ingen att g\u00f6ra det. F\u00f6r n\u00e4r skademinskning omd\u00f6ps till &quot;skada&quot;, n\u00e4r p\u00e5sar behandlas som cigaretter, n\u00e4r framg\u00e5ngshistorier raderas fr\u00e5n samtalet, finns det ingen \u00e5terv\u00e4ndo.&nbsp;<\/p>\n\n\n\n<p>Det h\u00e4r handlar inte om politik. Det handlar om trov\u00e4rdighet. Det handlar om \u00e4rlighet. Det handlar om huruvida folkh\u00e4lsan lyssnar p\u00e5 verkligheten eller ignorerar den.<\/p>\n\n\n\n<p>Vi valde inte den h\u00e4r kampen. Men n\u00e4r de m\u00e4nniskor vi bryr oss om uts\u00e4tts f\u00f6r fara av d\u00e5lig politik, viker vi inte. Vi st\u00e5r upp.<\/p>\n\n\n\n<h4 class=\"wp-block-heading\"><strong>Och vi ska ingenstans<\/strong><\/h4>\n\n\n\n<p>Kommissionen kanske trodde att detta var abstrakt. Vi vet att det inte \u00e4r det. De gjorde det personligt.<\/p>\n\n\n\n<p>Och det \u00e4r d\u00e4rf\u00f6r Considerate Pouchers finns h\u00e4r, som den sista, b\u00e4sta och enda f\u00f6rsvarslinjen f\u00f6r pouchers \u00f6ver hela v\u00e4rlden.<\/p>\n\n\n\n<p>F\u00f6r n\u00e4r institutioner gl\u00f6mmer m\u00e4nniskor m\u00e5ste n\u00e5gon p\u00e5minna dem. Och det \u00e4r precis vad vi kommer att forts\u00e4tta g\u00f6ra.<\/p>","protected":false},"excerpt":{"rendered":"<p>I \u00e5ratal var nikotinpolitiken i Europa tr\u00e5kig. Teknisk. Byr\u00e5kratisk. Skriven av m\u00e4nniskor som aldrig hade tr\u00e4ffat en r\u00f6kare som faktiskt slutat. Det f\u00f6r\u00e4ndrades. F\u00f6r nu debatterar inte Europeiska kommissionen bara reglering. Den jagar just de verktyg som hj\u00e4lpt miljontals m\u00e4nniskor att f\u00f6r\u00e4ndra sina liv till det b\u00e4ttre. Och det var d\u00e5 det slutade [\u2026]<\/p>","protected":false},"author":13,"featured_media":3682,"comment_status":"closed","ping_status":"open","sticky":false,"template":"","format":"standard","meta":{"footnotes":""},"categories":[9],"tags":[],"class_list":["post-3681","post","type-post","status-publish","format-standard","has-post-thumbnail","hentry","category-blog"],"yoast_head":"<!-- This site is optimized with the Yoast SEO plugin v25.0 - https:\/\/yoast.com\/wordpress\/plugins\/seo\/ -->\n<title>They Made It Personal: The Human Cost of EU Nicotine Regulation - Considerate Pouchers<\/title>\n<meta name=\"description\" content=\"EU nicotine policy now threatens harm reduction tools that helped millions quit smoking. Real people, real lives, real consequences.\" \/>\n<meta name=\"robots\" content=\"index, follow, max-snippet:-1, max-image-preview:large, max-video-preview:-1\" \/>\n<link rel=\"canonical\" href=\"https:\/\/consideratepouchers.org\/sv\/de-gjorde-det-personligt-den-manskliga-kostnaden-for-eus-nikotinreglering\/\" \/>\n<meta property=\"og:locale\" content=\"sv_SE\" \/>\n<meta property=\"og:type\" content=\"article\" \/>\n<meta property=\"og:title\" content=\"They Made It Personal: The Human Cost of EU Nicotine Regulation - Considerate Pouchers\" \/>\n<meta property=\"og:description\" content=\"EU nicotine policy now threatens harm reduction tools that helped millions quit smoking. Real people, real lives, real consequences.\" \/>\n<meta property=\"og:url\" content=\"https:\/\/consideratepouchers.org\/sv\/de-gjorde-det-personligt-den-manskliga-kostnaden-for-eus-nikotinreglering\/\" \/>\n<meta property=\"og:site_name\" content=\"Considerate Pouchers\" \/>\n<meta property=\"article:publisher\" content=\"https:\/\/www.facebook.com\/cpouchers\" \/>\n<meta property=\"article:published_time\" content=\"2025-12-16T11:37:35+00:00\" \/>\n<meta property=\"article:modified_time\" content=\"2025-12-16T11:37:36+00:00\" \/>\n<meta property=\"og:image\" content=\"https:\/\/consideratepouchers.org\/wp-content\/uploads\/2025\/12\/Nicotine-pouch-image-1024x945.png\" \/>\n\t<meta property=\"og:image:width\" content=\"1024\" \/>\n\t<meta property=\"og:image:height\" content=\"945\" \/>\n\t<meta property=\"og:image:type\" content=\"image\/png\" \/>\n<meta name=\"author\" content=\"Juan Taborcia\" \/>\n<meta name=\"twitter:card\" content=\"summary_large_image\" \/>\n<meta name=\"twitter:creator\" content=\"@CPouchers\" \/>\n<meta name=\"twitter:site\" content=\"@CPouchers\" \/>\n<meta name=\"twitter:label1\" content=\"Skriven av\" \/>\n\t<meta name=\"twitter:data1\" content=\"Juan Taborcia\" \/>\n\t<meta name=\"twitter:label2\" content=\"Ber\u00e4knad l\u00e4stid\" \/>\n\t<meta name=\"twitter:data2\" content=\"3 minuter\" \/>\n<script type=\"application\/ld+json\" class=\"yoast-schema-graph\">{\"@context\":\"https:\/\/schema.org\",\"@graph\":[{\"@type\":\"Article\",\"@id\":\"https:\/\/consideratepouchers.org\/they-made-it-personal-the-human-cost-of-eu-nicotine-regulation\/#article\",\"isPartOf\":{\"@id\":\"https:\/\/consideratepouchers.org\/they-made-it-personal-the-human-cost-of-eu-nicotine-regulation\/\"},\"author\":{\"name\":\"Juan Taborcia\",\"@id\":\"https:\/\/consideratepouchers.org\/#\/schema\/person\/0f5a68e74cddc0ec762ddf9ae8cb6cc8\"},\"headline\":\"They Made It Personal: The Human Cost of EU Nicotine Regulation\",\"datePublished\":\"2025-12-16T11:37:35+00:00\",\"dateModified\":\"2025-12-16T11:37:36+00:00\",\"mainEntityOfPage\":{\"@id\":\"https:\/\/consideratepouchers.org\/they-made-it-personal-the-human-cost-of-eu-nicotine-regulation\/\"},\"wordCount\":627,\"publisher\":{\"@id\":\"https:\/\/consideratepouchers.org\/#organization\"},\"image\":{\"@id\":\"https:\/\/consideratepouchers.org\/they-made-it-personal-the-human-cost-of-eu-nicotine-regulation\/#primaryimage\"},\"thumbnailUrl\":\"https:\/\/consideratepouchers.org\/wp-content\/uploads\/2025\/12\/Nicotine-pouch-image.png\",\"articleSection\":[\"Blog\"],\"inLanguage\":\"sv-SE\"},{\"@type\":\"WebPage\",\"@id\":\"https:\/\/consideratepouchers.org\/they-made-it-personal-the-human-cost-of-eu-nicotine-regulation\/\",\"url\":\"https:\/\/consideratepouchers.org\/they-made-it-personal-the-human-cost-of-eu-nicotine-regulation\/\",\"name\":\"They Made It Personal: The Human Cost of EU Nicotine Regulation - Considerate Pouchers\",\"isPartOf\":{\"@id\":\"https:\/\/consideratepouchers.org\/#website\"},\"primaryImageOfPage\":{\"@id\":\"https:\/\/consideratepouchers.org\/they-made-it-personal-the-human-cost-of-eu-nicotine-regulation\/#primaryimage\"},\"image\":{\"@id\":\"https:\/\/consideratepouchers.org\/they-made-it-personal-the-human-cost-of-eu-nicotine-regulation\/#primaryimage\"},\"thumbnailUrl\":\"https:\/\/consideratepouchers.org\/wp-content\/uploads\/2025\/12\/Nicotine-pouch-image.png\",\"datePublished\":\"2025-12-16T11:37:35+00:00\",\"dateModified\":\"2025-12-16T11:37:36+00:00\",\"description\":\"EU nicotine policy now threatens harm reduction tools that helped millions quit smoking. Real people, real lives, real consequences.\",\"breadcrumb\":{\"@id\":\"https:\/\/consideratepouchers.org\/they-made-it-personal-the-human-cost-of-eu-nicotine-regulation\/#breadcrumb\"},\"inLanguage\":\"sv-SE\",\"potentialAction\":[{\"@type\":\"ReadAction\",\"target\":[\"https:\/\/consideratepouchers.org\/they-made-it-personal-the-human-cost-of-eu-nicotine-regulation\/\"]}]},{\"@type\":\"ImageObject\",\"inLanguage\":\"sv-SE\",\"@id\":\"https:\/\/consideratepouchers.org\/they-made-it-personal-the-human-cost-of-eu-nicotine-regulation\/#primaryimage\",\"url\":\"https:\/\/consideratepouchers.org\/wp-content\/uploads\/2025\/12\/Nicotine-pouch-image.png\",\"contentUrl\":\"https:\/\/consideratepouchers.org\/wp-content\/uploads\/2025\/12\/Nicotine-pouch-image.png\",\"width\":2081,\"height\":1920},{\"@type\":\"BreadcrumbList\",\"@id\":\"https:\/\/consideratepouchers.org\/they-made-it-personal-the-human-cost-of-eu-nicotine-regulation\/#breadcrumb\",\"itemListElement\":[{\"@type\":\"ListItem\",\"position\":1,\"name\":\"Home\",\"item\":\"https:\/\/consideratepouchers.org\/\"},{\"@type\":\"ListItem\",\"position\":2,\"name\":\"They Made It Personal: The Human Cost of EU Nicotine Regulation\"}]},{\"@type\":\"WebSite\",\"@id\":\"https:\/\/consideratepouchers.org\/#website\",\"url\":\"https:\/\/consideratepouchers.org\/\",\"name\":\"Considerate Pouchers\",\"description\":\"Improving Health &amp; Combatting Misinformation\",\"publisher\":{\"@id\":\"https:\/\/consideratepouchers.org\/#organization\"},\"potentialAction\":[{\"@type\":\"SearchAction\",\"target\":{\"@type\":\"EntryPoint\",\"urlTemplate\":\"https:\/\/consideratepouchers.org\/?s={search_term_string}\"},\"query-input\":{\"@type\":\"PropertyValueSpecification\",\"valueRequired\":true,\"valueName\":\"search_term_string\"}}],\"inLanguage\":\"sv-SE\"},{\"@type\":\"Organization\",\"@id\":\"https:\/\/consideratepouchers.org\/#organization\",\"name\":\"Considerate Pouchers\",\"url\":\"https:\/\/consideratepouchers.org\/\",\"logo\":{\"@type\":\"ImageObject\",\"inLanguage\":\"sv-SE\",\"@id\":\"https:\/\/consideratepouchers.org\/#\/schema\/logo\/image\/\",\"url\":\"https:\/\/consideratepouchers.com\/wp-content\/uploads\/2021\/07\/Considerate-Pouchers-lOGO.png\",\"contentUrl\":\"https:\/\/consideratepouchers.com\/wp-content\/uploads\/2021\/07\/Considerate-Pouchers-lOGO.png\",\"width\":504,\"height\":504,\"caption\":\"Considerate Pouchers\"},\"image\":{\"@id\":\"https:\/\/consideratepouchers.org\/#\/schema\/logo\/image\/\"},\"sameAs\":[\"https:\/\/www.facebook.com\/cpouchers\",\"https:\/\/x.com\/CPouchers\",\"https:\/\/www.instagram.com\/cpouchers\"]},{\"@type\":\"Person\",\"@id\":\"https:\/\/consideratepouchers.org\/#\/schema\/person\/0f5a68e74cddc0ec762ddf9ae8cb6cc8\",\"name\":\"Juan Taborcia\",\"url\":\"https:\/\/consideratepouchers.org\/sv\/author\/juan\/\"}]}<\/script>\n<!-- \/ Yoast SEO plugin. -->","yoast_head_json":{"title":"They Made It Personal: The Human Cost of EU Nicotine Regulation - Considerate Pouchers","description":"EU nicotine policy now threatens harm reduction tools that helped millions quit smoking. Real people, real lives, real consequences.","robots":{"index":"index","follow":"follow","max-snippet":"max-snippet:-1","max-image-preview":"max-image-preview:large","max-video-preview":"max-video-preview:-1"},"canonical":"https:\/\/consideratepouchers.org\/sv\/de-gjorde-det-personligt-den-manskliga-kostnaden-for-eus-nikotinreglering\/","og_locale":"sv_SE","og_type":"article","og_title":"They Made It Personal: The Human Cost of EU Nicotine Regulation - Considerate Pouchers","og_description":"EU nicotine policy now threatens harm reduction tools that helped millions quit smoking. Real people, real lives, real consequences.","og_url":"https:\/\/consideratepouchers.org\/sv\/de-gjorde-det-personligt-den-manskliga-kostnaden-for-eus-nikotinreglering\/","og_site_name":"Considerate Pouchers","article_publisher":"https:\/\/www.facebook.com\/cpouchers","article_published_time":"2025-12-16T11:37:35+00:00","article_modified_time":"2025-12-16T11:37:36+00:00","og_image":[{"width":1024,"height":945,"url":"https:\/\/consideratepouchers.org\/wp-content\/uploads\/2025\/12\/Nicotine-pouch-image-1024x945.png","type":"image\/png"}],"author":"Juan Taborcia","twitter_card":"summary_large_image","twitter_creator":"@CPouchers","twitter_site":"@CPouchers","twitter_misc":{"Skriven av":"Juan Taborcia","Ber\u00e4knad l\u00e4stid":"3 minuter"},"schema":{"@context":"https:\/\/schema.org","@graph":[{"@type":"Article","@id":"https:\/\/consideratepouchers.org\/they-made-it-personal-the-human-cost-of-eu-nicotine-regulation\/#article","isPartOf":{"@id":"https:\/\/consideratepouchers.org\/they-made-it-personal-the-human-cost-of-eu-nicotine-regulation\/"},"author":{"name":"Juan Taborcia","@id":"https:\/\/consideratepouchers.org\/#\/schema\/person\/0f5a68e74cddc0ec762ddf9ae8cb6cc8"},"headline":"They Made It Personal: The Human Cost of EU Nicotine Regulation","datePublished":"2025-12-16T11:37:35+00:00","dateModified":"2025-12-16T11:37:36+00:00","mainEntityOfPage":{"@id":"https:\/\/consideratepouchers.org\/they-made-it-personal-the-human-cost-of-eu-nicotine-regulation\/"},"wordCount":627,"publisher":{"@id":"https:\/\/consideratepouchers.org\/#organization"},"image":{"@id":"https:\/\/consideratepouchers.org\/they-made-it-personal-the-human-cost-of-eu-nicotine-regulation\/#primaryimage"},"thumbnailUrl":"https:\/\/consideratepouchers.org\/wp-content\/uploads\/2025\/12\/Nicotine-pouch-image.png","articleSection":["Blog"],"inLanguage":"sv-SE"},{"@type":"WebPage","@id":"https:\/\/consideratepouchers.org\/they-made-it-personal-the-human-cost-of-eu-nicotine-regulation\/","url":"https:\/\/consideratepouchers.org\/they-made-it-personal-the-human-cost-of-eu-nicotine-regulation\/","name":"They Made It Personal: The Human Cost of EU Nicotine Regulation - Considerate Pouchers","isPartOf":{"@id":"https:\/\/consideratepouchers.org\/#website"},"primaryImageOfPage":{"@id":"https:\/\/consideratepouchers.org\/they-made-it-personal-the-human-cost-of-eu-nicotine-regulation\/#primaryimage"},"image":{"@id":"https:\/\/consideratepouchers.org\/they-made-it-personal-the-human-cost-of-eu-nicotine-regulation\/#primaryimage"},"thumbnailUrl":"https:\/\/consideratepouchers.org\/wp-content\/uploads\/2025\/12\/Nicotine-pouch-image.png","datePublished":"2025-12-16T11:37:35+00:00","dateModified":"2025-12-16T11:37:36+00:00","description":"EU nicotine policy now threatens harm reduction tools that helped millions quit smoking. Real people, real lives, real consequences.","breadcrumb":{"@id":"https:\/\/consideratepouchers.org\/they-made-it-personal-the-human-cost-of-eu-nicotine-regulation\/#breadcrumb"},"inLanguage":"sv-SE","potentialAction":[{"@type":"ReadAction","target":["https:\/\/consideratepouchers.org\/they-made-it-personal-the-human-cost-of-eu-nicotine-regulation\/"]}]},{"@type":"ImageObject","inLanguage":"sv-SE","@id":"https:\/\/consideratepouchers.org\/they-made-it-personal-the-human-cost-of-eu-nicotine-regulation\/#primaryimage","url":"https:\/\/consideratepouchers.org\/wp-content\/uploads\/2025\/12\/Nicotine-pouch-image.png","contentUrl":"https:\/\/consideratepouchers.org\/wp-content\/uploads\/2025\/12\/Nicotine-pouch-image.png","width":2081,"height":1920},{"@type":"BreadcrumbList","@id":"https:\/\/consideratepouchers.org\/they-made-it-personal-the-human-cost-of-eu-nicotine-regulation\/#breadcrumb","itemListElement":[{"@type":"ListItem","position":1,"name":"Home","item":"https:\/\/consideratepouchers.org\/"},{"@type":"ListItem","position":2,"name":"They Made It Personal: The Human Cost of EU Nicotine Regulation"}]},{"@type":"WebSite","@id":"https:\/\/consideratepouchers.org\/#website","url":"https:\/\/consideratepouchers.org\/","name":"Considerate Pouchers","description":"Improving Health &amp; Combatting Misinformation","publisher":{"@id":"https:\/\/consideratepouchers.org\/#organization"},"potentialAction":[{"@type":"SearchAction","target":{"@type":"EntryPoint","urlTemplate":"https:\/\/consideratepouchers.org\/?s={search_term_string}"},"query-input":{"@type":"PropertyValueSpecification","valueRequired":true,"valueName":"search_term_string"}}],"inLanguage":"sv-SE"},{"@type":"Organization","@id":"https:\/\/consideratepouchers.org\/#organization","name":"Considerate Pouchers","url":"https:\/\/consideratepouchers.org\/","logo":{"@type":"ImageObject","inLanguage":"sv-SE","@id":"https:\/\/consideratepouchers.org\/#\/schema\/logo\/image\/","url":"https:\/\/consideratepouchers.com\/wp-content\/uploads\/2021\/07\/Considerate-Pouchers-lOGO.png","contentUrl":"https:\/\/consideratepouchers.com\/wp-content\/uploads\/2021\/07\/Considerate-Pouchers-lOGO.png","width":504,"height":504,"caption":"Considerate Pouchers"},"image":{"@id":"https:\/\/consideratepouchers.org\/#\/schema\/logo\/image\/"},"sameAs":["https:\/\/www.facebook.com\/cpouchers","https:\/\/x.com\/CPouchers","https:\/\/www.instagram.com\/cpouchers"]},{"@type":"Person","@id":"https:\/\/consideratepouchers.org\/#\/schema\/person\/0f5a68e74cddc0ec762ddf9ae8cb6cc8","name":"Juan Taborcia","url":"https:\/\/consideratepouchers.org\/sv\/author\/juan\/"}]}},"jetpack_featured_media_url":"https:\/\/consideratepouchers.org\/wp-content\/uploads\/2025\/12\/Nicotine-pouch-image.png","_links":{"self":[{"href":"https:\/\/consideratepouchers.org\/sv\/wp-json\/wp\/v2\/posts\/3681","targetHints":{"allow":["GET"]}}],"collection":[{"href":"https:\/\/consideratepouchers.org\/sv\/wp-json\/wp\/v2\/posts"}],"about":[{"href":"https:\/\/consideratepouchers.org\/sv\/wp-json\/wp\/v2\/types\/post"}],"author":[{"embeddable":true,"href":"https:\/\/consideratepouchers.org\/sv\/wp-json\/wp\/v2\/users\/13"}],"replies":[{"embeddable":true,"href":"https:\/\/consideratepouchers.org\/sv\/wp-json\/wp\/v2\/comments?post=3681"}],"version-history":[{"count":0,"href":"https:\/\/consideratepouchers.org\/sv\/wp-json\/wp\/v2\/posts\/3681\/revisions"}],"wp:featuredmedia":[{"embeddable":true,"href":"https:\/\/consideratepouchers.org\/sv\/wp-json\/wp\/v2\/media\/3682"}],"wp:attachment":[{"href":"https:\/\/consideratepouchers.org\/sv\/wp-json\/wp\/v2\/media?parent=3681"}],"wp:term":[{"taxonomy":"category","embeddable":true,"href":"https:\/\/consideratepouchers.org\/sv\/wp-json\/wp\/v2\/categories?post=3681"},{"taxonomy":"post_tag","embeddable":true,"href":"https:\/\/consideratepouchers.org\/sv\/wp-json\/wp\/v2\/tags?post=3681"}],"curies":[{"name":"wp","href":"https:\/\/api.w.org\/{rel}","templated":true}]}}